{"id":822,"date":"2019-04-12T09:54:19","date_gmt":"2019-04-12T07:54:19","guid":{"rendered":"https:\/\/czechybiznes.expert\/ewidencja-rzeczywistych-w-a-cicieli-podmiot-w-prawnych-1\/"},"modified":"2019-04-12T09:54:19","modified_gmt":"2019-04-12T07:54:19","slug":"ewidencja-rzeczywistych-w-a-cicieli-podmiot-w-prawnych-1","status":"publish","type":"post","link":"https:\/\/czechybiznes.expert\/informacje\/ewidencja-rzeczywistych-w-a-cicieli-podmiot-w-prawnych-1\/","title":{"rendered":"Ewidencja rzeczywistych w\u0142a\u015bcicieli podmiot\u00f3w prawnych"},"content":{"rendered":"<h2>Legislatywa<\/h2>\n<p>Dnia 1.01.2018. zosta\u0142a uruchomiona ewidencja danych o rzeczywistych w\u0142a\u015bcicielach podmiot\u00f3w prawnych, prowadzona przez s\u0105dy rejestrowe. Ewidencj\u0119 wprowadzi\u0142a nowelizacja czeskiej ustawy nr 304\/2013 Sb. o publicznych rejestrach os\u00f3b prawnych i fizycznych oraz ewidencji funduszy powierniczych (<em>Z\u00e1kon \u010d. 304\/2013 Sb., o ve\u0159ejn\u00fdch rejst\u0159\u00edc\u00edch pr\u00e1vnick\u00fdch a fyzick\u00fdch osob a o evidenci sv\u011b\u0159ensk\u00fdch fond\u016f<\/em>) &ndash; dalej tylko ustawa o rejestrach. Nowelizacja implementuje legislatyw\u0119 Unii Europejskiej. Problematyka jest te\u017c cz\u0119\u015bciowo regulowana w ustawie nr 253\/2008 Sb. o niekt\u00f3rych mechanizmach przeciwko legalizacji \u015brodk\u00f3w z dzia\u0142alno\u015bci przest\u0119pczej i finansowaniu terroryzmu (<em>Z\u00e1kon \u010d. 253\/2008 Sb., o n\u011bkter\u00fdch opat\u0159en\u00edch proti legalizaci v\u00fdnos\u016f z trestn\u00e9 \u010dinnosti a financov\u00e1n\u00ed terorismu<\/em>). Wprowadzenie poprawki ma na celu zapobieganie wykorzystywaniu systemu finansowego do prania pieni\u0119dzy i finansowania terroryzmu.<\/p>\n<p>&nbsp;<\/p>\n<h2>Co to takiego?<\/h2>\n<p>Ewidencja danych o rzeczywistych w\u0142a\u015bcicielach jest <strong>elektronicznym systemem informacyjnym administracji publicznej, prowadzonym przez s\u0105dy rejestrowe<\/strong>. Nie jest jednak rejestrem publicznym w rozumieniu ustawy o rejestrach. <strong>Nie jest wi\u0119c systemem jawnym<\/strong>, co oznacza, \u017ce dane w nim zgromadzone nie s\u0105 upubliczniane i pozostaj\u0105 do dyspozycji ograniczonego kr\u0119gu podmiot\u00f3w. Opr\u00f3cz zamawiaj\u0105cych w przetargach publicznych oraz urz\u0119du ochrony konkurencji (<em>\u00da\u0159ad pro ochranu hospod\u00e1\u0159sk\u00e9 sout\u011b\u017ee<\/em>) s\u0105 to g\u0142\u00f3wnie organy \u015bcigania, s\u0142u\u017cby wywiadowcze, administracja podatkowa, Narodowy Bank Czeski (<em>\u010cesk<\/em><em>\u00e1 n\u00e1rodn\u00ed banka<\/em>), Najwy\u017csza Izba Kontroli (<em>Nejvy\u0161\u0161\u00ed kontroln\u00ed \u00fa\u0159ad<\/em>) i kilka innych.<\/p>\n<p>W ograniczonym zakresie, dane z ewidencji &nbsp;mog\u0105 by\u0107 te\u017c przekazywane osobie prywatnej, je\u017celi osoba ta chce zapobiec przest\u0119pstwu prania pieni\u0119dzy lub przest\u0119pczo\u015bci terrorystycznej.<\/p>\n<p>&nbsp;<\/p>\n<h2>Kto ma obowi\u0105zek rejestracji?<\/h2>\n<p><strong>Ewidencja obejmuje dane rzeczywistych w\u0142a\u015bcicieli os\u00f3b prawnych wpisanych do jednego z rejestr\u00f3w publicznych zgodnie z ustaw\u0105 o rejestrach<\/strong> (s\u0105 to rejestr handlowy, rejestr fundacji, wsp\u00f3lnota mieszkaniowa, rejestr organizacji po\u017cytku publicznego) <strong>oraz funduszy powierniczych wpisanych do rejestru powierniczego.<\/strong><\/p>\n<p>&nbsp;<\/p>\n<p>Obowi\u0105zek rejestracji dotyczy zatem r\u00f3wnie\u017c niekt\u00f3rych podmiot\u00f3w prawa publicznego, takich jak pa\u0144stwowe i terytorialne przedsi\u0119biorstwa u\u017cyteczno\u015bci publicznej (przedszkola, szko\u0142y podstawowe i \u015brednie), przedsi\u0119biorstwa pa\u0144stwowe, a tak\u017ce zwi\u0105zki zawodowe i organizacje pracodawc\u00f3w, fundacje i fundusze itp. Obowi\u0105zek rejestracji nie obejmuje jednak ko\u015bcio\u0142\u00f3w i zwi\u0105zk\u00f3w wyznaniowych, partii czy ruch\u00f3w politycznych.<\/p>\n<p>My skupimy si\u0119 na rzeczywistych w\u0142a\u015bcicielach sp\u00f3\u0142ki z ograniczon\u0105 odpowiedzialno\u015bci\u0105 (s.r.o.).<\/p>\n<p>&nbsp;<\/p>\n<h2>Kto jest rzeczywistym w\u0142a\u015bcicielem?<\/h2>\n<p><strong>Prawdziwym w\u0142a\u015bcicielem s.r.o. jest osoba, kt\u00f3ra faktycznie lub prawnie, bezpo\u015brednio lub po\u015brednio, ma prawo wywiera\u0107 decyduj\u0105cy wp\u0142yw na sp\u00f3\u0142k\u0119.<\/strong> W przypadku sp\u00f3\u0142ek prawa handlowego uwa\u017ca si\u0119, \u017ce ich rzeczywistym w\u0142a\u015bcicielem jest osoba fizyczna, kt\u00f3ra:<\/p>\n<ul>\n<li>samodzielnie lub wsp\u00f3lnie z osobami dzia\u0142aj\u0105cymi w porozumieniu, ma wi\u0119cej ni\u017c 25% praw g\u0142osu w tej sp\u00f3\u0142ce lub ma udzia\u0142 przekraczaj\u0105cy 25% w kapitale zak\u0142adowym (ewentualnie tak\u0105 sp\u00f3\u0142k\u0119 kontroluje samodzielnie lub w porozumieniu z innymi osobami); lub<\/li>\n<li>ma prawo otrzyma\u0107 co najmniej 25% zysk\u00f3w tej sp\u00f3\u0142ki.<\/li>\n<\/ul>\n<p>&nbsp;<\/p>\n<p>Je\u015bli nie mo\u017cna okre\u015bli\u0107 rzeczywistego w\u0142a\u015bciciela za pomoc\u0105 wytycznych w powy\u017cszych punktach, uznaje si\u0119, \u017ce jest nim cz\u0142onek organu statutowego, przedstawiciel podmiotu prawnego w tym organie lub osoba na stanowisku podobnym do stanowiska cz\u0142onka organu statutowego.<\/p>\n<p>Zgodnie z powy\u017cszymi zasadami zawsze powinno by\u0107 mo\u017cliwe znalezienie konkretnej osoby fizycznej, kt\u00f3ra jest w rozumieniu ustawy uwa\u017cana za rzeczywistego w\u0142a\u015bciciela. Je\u015bli wymienione wytyczne spe\u0142nia kilka os\u00f3b, wszystkie s\u0105 traktowane jako rzeczywi\u015bci w\u0142a\u015bciciele sp\u00f3\u0142ki.<\/p>\n<p>&nbsp;<\/p>\n<h2>Jakie dane s\u0105 wpisywane do ewidencji?<\/h2>\n<p>Do ewidencji wpisuje si\u0119 imi\u0119 i nazwisko w\u0142a\u015bciciela, adres, pod kt\u00f3rym przebywa (lub adres miejsca zamieszkania), dat\u0119 urodzenia, PESEL, obywatelstwo, a tak\u017ce informacje o cz\u0119\u015bci udzia\u0142\u00f3w w g\u0142osach, dane o tym, czy pozycja w\u0142a\u015bciciela opiera si\u0119 na bezpo\u015brednim wp\u0142ywie na osob\u0119 prawn\u0105 lub na udziale w dysponowaniu \u015brodkami, np. czy jest ich odbiorc\u0105.<\/p>\n<p>&nbsp;<\/p>\n<h2>Jak wygl\u0105da rejestracja?<\/h2>\n<p>Wniosek o wpis lub zmian\u0119 danych sk\u0142ada si\u0119 za pomoc\u0105 <a href=\"https:\/\/issm.justice.cz\/podani-navrhu\/formular\">inteligentnego formularza, kt\u00f3ry jest dost\u0119pny na stronie Ministerstwa Sprawiedliwo\u015bci<\/a>, do kt\u00f3rego do\u0142\u0105cza si\u0119 dokumenty, potwierdzaj\u0105ce wpisywane informacje. Odpowiednim s\u0105dem rejestrowym jest s\u0105d okr\u0119gowy odpowiedni ze wzgl\u0119du na siedzib\u0119 sp\u00f3\u0142ki. Mo\u017cna te\u017c dokona\u0107 wpisu bezpo\u015bredniego, zlecaj\u0105c go notariuszowi.<\/p>\n<p><strong>S\u0105d rejestrowy jest prawnie zobowi\u0105zany do wpisania lub zmiany danych w\u0142a\u015bciciela w ci\u0105gu 5 dni roboczych od daty otrzymania wniosku<\/strong>. S\u0105d nie wydaje w tej sprawie decyzji. Jedynie w przypadku, gdy wniosek o rejestracj\u0119 lub zmian\u0119 danych jest niekompletny, niezrozumia\u0142y lub niejasny, s\u0105d prze\u015ble powiadomienie osobie sk\u0142adaj\u0105cej wniosek, podaj\u0105c przyczyny jego odrzucenia, w tym wskaz\u00f3wki dotycz\u0105ce sposobu usuni\u0119cia brak\u00f3w.<\/p>\n<p><strong>Op\u0142ata s\u0105dowa za wpisanie lub zmian\u0119 danych wynosi 1000 CZK.<\/strong><\/p>\n<p>&nbsp;<\/p>\n<h2>Do kiedy nale\u017cy dokona\u0107 wpisu?<\/h2>\n<p>Termin, w kt\u00f3rym powy\u017cszy obowi\u0105zek musi by\u0107 spe\u0142niony to <strong>dla podmiot\u00f3w wpisanych do rejestru handlowego (a wi\u0119c sp\u00f3\u0142ek prawa handlowego) to do 1 stycznia 2019 r<\/strong>. Inne osoby prawne (np. stowarzyszenia) i fundusze powiernicze s\u0105 zobowi\u0105zane do wprowadzania wpis\u00f3w do 1 stycznia 2021 roku.<\/p>\n<p>&nbsp;<\/p>\n<h2>Sankcje<\/h2>\n<p>Poniewa\u017c ewidencja nie jest rejestrem publicznym w rozumieniu ustawy, nie ma te\u017c bezpo\u015brednich sankcji za niespe\u0142nienie obowi\u0105zku rejestracji. <strong>Nale\u017cy jednak zauwa\u017cy\u0107, \u017ce brak rejestracji mo\u017ce mie\u0107 negatywne konsekwencje w kontek\u015bcie innych przepis\u00f3w<\/strong>, takich jak ustawa o przeciwdzia\u0142aniu praniu pieni\u0119dzy (transakcje mog\u0105 zosta\u0107 ocenione przez uprawniony&nbsp;podmiot&nbsp;jako podejrzane, a w konsekwencji nie zostan\u0105 zrealizowane), ustawa o zam\u00f3wieniach publicznych (wykluczenie z procedury przetargowej) lub ustawy o upad\u0142o\u015bci.<\/p>\n","protected":false},"excerpt":{"rendered":"<p>Dnia 1.01.2018. zosta\u0142a uruchomiona ewidencja danych o rzeczywistych w\u0142a\u015bcicielach podmiot\u00f3w prawnych \u2013 przedstawiamy kogo dotyczy obowi\u0105zek rejestracji i co grozi za jego naruszenie.<\/p>\n","protected":false},"author":1,"featured_media":823,"comment_status":"open","ping_status":"open","sticky":false,"template":"","format":"standard","meta":{"footnotes":""},"categories":[23],"tags":[15],"acf":[],"yoast_head":"<!-- This site is optimized with the Yoast SEO Premium plugin v22.7 (Yoast SEO v22.7) - https:\/\/yoast.com\/wordpress\/plugins\/seo\/ -->\n<title>Ewidencja rzeczywistych w\u0142a\u015bcicieli podmiot\u00f3w prawnych - Czechy Biznes Expert<\/title>\n<meta name=\"robots\" content=\"index, follow, max-snippet:-1, max-image-preview:large, max-video-preview:-1\" \/>\n<link rel=\"canonical\" href=\"https:\/\/czechybiznes.expert\/informacje\/ewidencja-rzeczywistych-w-a-cicieli-podmiot-w-prawnych-1\/\" \/>\n<meta property=\"og:locale\" content=\"pl_PL\" \/>\n<meta property=\"og:type\" content=\"article\" \/>\n<meta property=\"og:title\" content=\"Ewidencja rzeczywistych w\u0142a\u015bcicieli podmiot\u00f3w prawnych\" \/>\n<meta property=\"og:description\" content=\"Dnia 1.01.2018. zosta\u0142a uruchomiona ewidencja danych o rzeczywistych w\u0142a\u015bcicielach podmiot\u00f3w prawnych \u2013 przedstawiamy kogo dotyczy obowi\u0105zek rejestracji i co grozi za jego naruszenie.\" \/>\n<meta property=\"og:url\" content=\"https:\/\/czechybiznes.expert\/informacje\/ewidencja-rzeczywistych-w-a-cicieli-podmiot-w-prawnych-1\/\" \/>\n<meta property=\"og:site_name\" content=\"Czechy Biznes Expert\" \/>\n<meta property=\"article:published_time\" content=\"2019-04-12T07:54:19+00:00\" \/>\n<meta property=\"og:image\" content=\"https:\/\/czechybiznes.expert\/wp-content\/uploads\/sites\/8\/2025\/02\/d1zz7qolp7kg.jpg\" \/>\n\t<meta property=\"og:image:width\" content=\"600\" \/>\n\t<meta property=\"og:image:height\" content=\"400\" \/>\n\t<meta property=\"og:image:type\" content=\"image\/jpeg\" \/>\n<meta name=\"author\" content=\"admin_cg\" \/>\n<meta name=\"twitter:card\" content=\"summary_large_image\" \/>\n<meta name=\"twitter:label1\" content=\"Napisane przez\" \/>\n\t<meta name=\"twitter:data1\" content=\"admin_cg\" \/>\n\t<meta name=\"twitter:label2\" content=\"Szacowany czas czytania\" \/>\n\t<meta name=\"twitter:data2\" content=\"5 minut\" \/>\n<script type=\"application\/ld+json\" class=\"yoast-schema-graph\">{\"@context\":\"https:\/\/schema.org\",\"@graph\":[{\"@type\":\"WebPage\",\"@id\":\"https:\/\/czechybiznes.expert\/informacje\/ewidencja-rzeczywistych-w-a-cicieli-podmiot-w-prawnych-1\/\",\"url\":\"https:\/\/czechybiznes.expert\/informacje\/ewidencja-rzeczywistych-w-a-cicieli-podmiot-w-prawnych-1\/\",\"name\":\"Ewidencja rzeczywistych w\u0142a\u015bcicieli podmiot\u00f3w prawnych - Czechy Biznes Expert\",\"isPartOf\":{\"@id\":\"https:\/\/czechybiznes.expert\/informacje\/#website\"},\"primaryImageOfPage\":{\"@id\":\"https:\/\/czechybiznes.expert\/informacje\/ewidencja-rzeczywistych-w-a-cicieli-podmiot-w-prawnych-1\/#primaryimage\"},\"image\":{\"@id\":\"https:\/\/czechybiznes.expert\/informacje\/ewidencja-rzeczywistych-w-a-cicieli-podmiot-w-prawnych-1\/#primaryimage\"},\"thumbnailUrl\":\"https:\/\/czechybiznes.expert\/wp-content\/uploads\/sites\/8\/2025\/02\/d1zz7qolp7kg.jpg\",\"datePublished\":\"2019-04-12T07:54:19+00:00\",\"dateModified\":\"2019-04-12T07:54:19+00:00\",\"author\":{\"@id\":\"https:\/\/czechybiznes.expert\/informacje\/#\/schema\/person\/fe95235fef56b7798afcc24f7b4e7888\"},\"breadcrumb\":{\"@id\":\"https:\/\/czechybiznes.expert\/informacje\/ewidencja-rzeczywistych-w-a-cicieli-podmiot-w-prawnych-1\/#breadcrumb\"},\"inLanguage\":\"pl-PL\",\"potentialAction\":[{\"@type\":\"ReadAction\",\"target\":[\"https:\/\/czechybiznes.expert\/informacje\/ewidencja-rzeczywistych-w-a-cicieli-podmiot-w-prawnych-1\/\"]}]},{\"@type\":\"ImageObject\",\"inLanguage\":\"pl-PL\",\"@id\":\"https:\/\/czechybiznes.expert\/informacje\/ewidencja-rzeczywistych-w-a-cicieli-podmiot-w-prawnych-1\/#primaryimage\",\"url\":\"https:\/\/czechybiznes.expert\/wp-content\/uploads\/sites\/8\/2025\/02\/d1zz7qolp7kg.jpg\",\"contentUrl\":\"https:\/\/czechybiznes.expert\/wp-content\/uploads\/sites\/8\/2025\/02\/d1zz7qolp7kg.jpg\",\"width\":600,\"height\":400},{\"@type\":\"BreadcrumbList\",\"@id\":\"https:\/\/czechybiznes.expert\/informacje\/ewidencja-rzeczywistych-w-a-cicieli-podmiot-w-prawnych-1\/#breadcrumb\",\"itemListElement\":[{\"@type\":\"ListItem\",\"position\":1,\"name\":\"Strona g\u0142\u00f3wna\",\"item\":\"https:\/\/czechybiznes.expert\/informacje\/\"},{\"@type\":\"ListItem\",\"position\":2,\"name\":\"Ewidencja rzeczywistych w\u0142a\u015bcicieli podmiot\u00f3w prawnych\"}]},{\"@type\":\"WebSite\",\"@id\":\"https:\/\/czechybiznes.expert\/informacje\/#website\",\"url\":\"https:\/\/czechybiznes.expert\/informacje\/\",\"name\":\"Czechy Biznes Expert\",\"description\":\"\",\"potentialAction\":[{\"@type\":\"SearchAction\",\"target\":{\"@type\":\"EntryPoint\",\"urlTemplate\":\"https:\/\/czechybiznes.expert\/informacje\/?s={search_term_string}\"},\"query-input\":\"required name=search_term_string\"}],\"inLanguage\":\"pl-PL\"},{\"@type\":\"Person\",\"@id\":\"https:\/\/czechybiznes.expert\/informacje\/#\/schema\/person\/fe95235fef56b7798afcc24f7b4e7888\",\"name\":\"admin_cg\",\"image\":{\"@type\":\"ImageObject\",\"inLanguage\":\"pl-PL\",\"@id\":\"https:\/\/czechybiznes.expert\/informacje\/#\/schema\/person\/image\/\",\"url\":\"https:\/\/secure.gravatar.com\/avatar\/9c58356ed41dabce206eb994d26b437b?s=96&d=mm&r=g\",\"contentUrl\":\"https:\/\/secure.gravatar.com\/avatar\/9c58356ed41dabce206eb994d26b437b?s=96&d=mm&r=g\",\"caption\":\"admin_cg\"},\"sameAs\":[\"http:\/\/grupafarkas.pl\"],\"url\":\"https:\/\/czechybiznes.expert\/informacje\/author\/admin_cg\/\"}]}<\/script>\n<!-- \/ Yoast SEO Premium plugin. -->","yoast_head_json":{"title":"Ewidencja rzeczywistych w\u0142a\u015bcicieli podmiot\u00f3w prawnych - Czechy Biznes Expert","robots":{"index":"index","follow":"follow","max-snippet":"max-snippet:-1","max-image-preview":"max-image-preview:large","max-video-preview":"max-video-preview:-1"},"canonical":"https:\/\/czechybiznes.expert\/informacje\/ewidencja-rzeczywistych-w-a-cicieli-podmiot-w-prawnych-1\/","og_locale":"pl_PL","og_type":"article","og_title":"Ewidencja rzeczywistych w\u0142a\u015bcicieli podmiot\u00f3w prawnych","og_description":"Dnia 1.01.2018. zosta\u0142a uruchomiona ewidencja danych o rzeczywistych w\u0142a\u015bcicielach podmiot\u00f3w prawnych \u2013 przedstawiamy kogo dotyczy obowi\u0105zek rejestracji i co grozi za jego naruszenie.","og_url":"https:\/\/czechybiznes.expert\/informacje\/ewidencja-rzeczywistych-w-a-cicieli-podmiot-w-prawnych-1\/","og_site_name":"Czechy Biznes Expert","article_published_time":"2019-04-12T07:54:19+00:00","og_image":[{"width":600,"height":400,"url":"https:\/\/czechybiznes.expert\/wp-content\/uploads\/sites\/8\/2025\/02\/d1zz7qolp7kg.jpg","type":"image\/jpeg"}],"author":"admin_cg","twitter_card":"summary_large_image","twitter_misc":{"Napisane przez":"admin_cg","Szacowany czas czytania":"5 minut"},"schema":{"@context":"https:\/\/schema.org","@graph":[{"@type":"WebPage","@id":"https:\/\/czechybiznes.expert\/informacje\/ewidencja-rzeczywistych-w-a-cicieli-podmiot-w-prawnych-1\/","url":"https:\/\/czechybiznes.expert\/informacje\/ewidencja-rzeczywistych-w-a-cicieli-podmiot-w-prawnych-1\/","name":"Ewidencja rzeczywistych w\u0142a\u015bcicieli podmiot\u00f3w prawnych - Czechy Biznes Expert","isPartOf":{"@id":"https:\/\/czechybiznes.expert\/informacje\/#website"},"primaryImageOfPage":{"@id":"https:\/\/czechybiznes.expert\/informacje\/ewidencja-rzeczywistych-w-a-cicieli-podmiot-w-prawnych-1\/#primaryimage"},"image":{"@id":"https:\/\/czechybiznes.expert\/informacje\/ewidencja-rzeczywistych-w-a-cicieli-podmiot-w-prawnych-1\/#primaryimage"},"thumbnailUrl":"https:\/\/czechybiznes.expert\/wp-content\/uploads\/sites\/8\/2025\/02\/d1zz7qolp7kg.jpg","datePublished":"2019-04-12T07:54:19+00:00","dateModified":"2019-04-12T07:54:19+00:00","author":{"@id":"https:\/\/czechybiznes.expert\/informacje\/#\/schema\/person\/fe95235fef56b7798afcc24f7b4e7888"},"breadcrumb":{"@id":"https:\/\/czechybiznes.expert\/informacje\/ewidencja-rzeczywistych-w-a-cicieli-podmiot-w-prawnych-1\/#breadcrumb"},"inLanguage":"pl-PL","potentialAction":[{"@type":"ReadAction","target":["https:\/\/czechybiznes.expert\/informacje\/ewidencja-rzeczywistych-w-a-cicieli-podmiot-w-prawnych-1\/"]}]},{"@type":"ImageObject","inLanguage":"pl-PL","@id":"https:\/\/czechybiznes.expert\/informacje\/ewidencja-rzeczywistych-w-a-cicieli-podmiot-w-prawnych-1\/#primaryimage","url":"https:\/\/czechybiznes.expert\/wp-content\/uploads\/sites\/8\/2025\/02\/d1zz7qolp7kg.jpg","contentUrl":"https:\/\/czechybiznes.expert\/wp-content\/uploads\/sites\/8\/2025\/02\/d1zz7qolp7kg.jpg","width":600,"height":400},{"@type":"BreadcrumbList","@id":"https:\/\/czechybiznes.expert\/informacje\/ewidencja-rzeczywistych-w-a-cicieli-podmiot-w-prawnych-1\/#breadcrumb","itemListElement":[{"@type":"ListItem","position":1,"name":"Strona g\u0142\u00f3wna","item":"https:\/\/czechybiznes.expert\/informacje\/"},{"@type":"ListItem","position":2,"name":"Ewidencja rzeczywistych w\u0142a\u015bcicieli podmiot\u00f3w prawnych"}]},{"@type":"WebSite","@id":"https:\/\/czechybiznes.expert\/informacje\/#website","url":"https:\/\/czechybiznes.expert\/informacje\/","name":"Czechy Biznes Expert","description":"","potentialAction":[{"@type":"SearchAction","target":{"@type":"EntryPoint","urlTemplate":"https:\/\/czechybiznes.expert\/informacje\/?s={search_term_string}"},"query-input":"required name=search_term_string"}],"inLanguage":"pl-PL"},{"@type":"Person","@id":"https:\/\/czechybiznes.expert\/informacje\/#\/schema\/person\/fe95235fef56b7798afcc24f7b4e7888","name":"admin_cg","image":{"@type":"ImageObject","inLanguage":"pl-PL","@id":"https:\/\/czechybiznes.expert\/informacje\/#\/schema\/person\/image\/","url":"https:\/\/secure.gravatar.com\/avatar\/9c58356ed41dabce206eb994d26b437b?s=96&d=mm&r=g","contentUrl":"https:\/\/secure.gravatar.com\/avatar\/9c58356ed41dabce206eb994d26b437b?s=96&d=mm&r=g","caption":"admin_cg"},"sameAs":["http:\/\/grupafarkas.pl"],"url":"https:\/\/czechybiznes.expert\/informacje\/author\/admin_cg\/"}]}},"_links":{"self":[{"href":"https:\/\/czechybiznes.expert\/informacje\/wp-json\/wp\/v2\/posts\/822"}],"collection":[{"href":"https:\/\/czechybiznes.expert\/informacje\/wp-json\/wp\/v2\/posts"}],"about":[{"href":"https:\/\/czechybiznes.expert\/informacje\/wp-json\/wp\/v2\/types\/post"}],"author":[{"embeddable":true,"href":"https:\/\/czechybiznes.expert\/informacje\/wp-json\/wp\/v2\/users\/1"}],"replies":[{"embeddable":true,"href":"https:\/\/czechybiznes.expert\/informacje\/wp-json\/wp\/v2\/comments?post=822"}],"version-history":[{"count":0,"href":"https:\/\/czechybiznes.expert\/informacje\/wp-json\/wp\/v2\/posts\/822\/revisions"}],"wp:featuredmedia":[{"embeddable":true,"href":"https:\/\/czechybiznes.expert\/informacje\/wp-json\/wp\/v2\/media\/823"}],"wp:attachment":[{"href":"https:\/\/czechybiznes.expert\/informacje\/wp-json\/wp\/v2\/media?parent=822"}],"wp:term":[{"taxonomy":"category","embeddable":true,"href":"https:\/\/czechybiznes.expert\/informacje\/wp-json\/wp\/v2\/categories?post=822"},{"taxonomy":"post_tag","embeddable":true,"href":"https:\/\/czechybiznes.expert\/informacje\/wp-json\/wp\/v2\/tags?post=822"}],"curies":[{"name":"wp","href":"https:\/\/api.w.org\/{rel}","templated":true}]}}