{"id":804,"date":"2018-11-22T13:53:40","date_gmt":"2018-11-22T12:53:40","guid":{"rendered":"https:\/\/czechybiznes.expert\/czy-mog-p-aci-podatki-w-czechach\/"},"modified":"2018-11-22T13:53:40","modified_gmt":"2018-11-22T12:53:40","slug":"czy-mog-p-aci-podatki-w-czechach","status":"publish","type":"post","link":"https:\/\/czechybiznes.expert\/informacje\/czy-mog-p-aci-podatki-w-czechach\/","title":{"rendered":"Czy mog\u0119 p\u0142aci\u0107 podatki w Czechach?"},"content":{"rendered":"<h3><strong>Rezydencja podatkowa &ndash; co to takiego? <\/strong><\/h3>\n<p>Okre\u015blenie rezydencji podatkowej ma decyduj\u0105ce znaczenie dla ustalenia obowi\u0105zku podatkowego danej osoby. Rezydent podatkowy Czeskiej Republiki lub Polski ma tzw. <strong>nieograniczony obowi\u0105zek podatkowy<\/strong> w danym pa\u0144stwie, co oznacza, \u017ce opodatkowaniu podlega <strong>ca\u0142o\u015b\u0107 \u015bwiatowych dochod\u00f3w danej osoby bez wzgl\u0119du na miejsce po\u0142o\u017cenia ich \u017ar\u00f3de\u0142<\/strong>.<\/p>\n<p>&nbsp;<\/p>\n<p>Wed\u0142ug polskiej ustawy o podatku dochodowym od os\u00f3b fizycznych nieograniczonemu obowi\u0105zkowi podatkowemu podlegaj\u0105 osoby fizyczne <strong>maj\u0105ce miejsce zamieszkania na terytorium Rzeczypospolitej Polskiej<\/strong>, a wi\u0119c osoby, kt\u00f3re:<\/p>\n<ol>\n<li>przebywaj\u0105 na terytorium RP <strong>d\u0142u\u017cej ni\u017c 183<\/strong> dni w roku podatkowym lub<\/li>\n<li>posiadaj\u0105 na terytorium RP centrum interes\u00f3w osobistych, lub gospodarczych (tzw. <strong>o\u015brodek interes\u00f3w \u017cyciowych<\/strong>).<\/li>\n<\/ol>\n<p>&nbsp;<\/p>\n<p>Co wa\u017cne, by podlega\u0107 nieograniczonemu obowi\u0105zkowi podatkowemu w Polsce, <strong>wystarczy spe\u0142ni\u0107 tylko jeden z powy\u017cszych warunk\u00f3w<\/strong>.<\/p>\n<p>Aby zmieni\u0107 rezydencj\u0119 podatkow\u0105 na czesk\u0105, samo kupienie nieruchomo\u015bci lub wynaj\u0119cie mieszkanie mo\u017ce si\u0119 wi\u0119c okaza\u0107 niewystarczaj\u0105ce. Organy podatkowe okre\u015blaj\u0105 obowi\u0105zki podatkowe danej osoby indywidualnie i powinny polega\u0107 na faktycznej sytuacji, a nie tylko na deklaracji lub \u017cyczeniach zainteresowanej osoby<strong>. Nie ma mechanizmu, kt\u00f3ry pozwoli\u0142by zmieni\u0107 rezydencj\u0119 podatkow\u0105 &bdquo;na wniosek&rdquo; zainteresowanego<\/strong>. Konieczne jest przestrzeganie szeregu zasad, kt\u00f3re zwi\u0119ksz\u0105 prawdopodobie\u0144stwo, \u017ce przestaniemy by\u0107 w Czechach traktowani jako podatkowi rezydenci Polski. Najpro\u015bciej rzecz ujmuj\u0105c &ndash; nale\u017cy zadba\u0107 o to, aby zwi\u0105zek podatnika z Polsk\u0105, by\u0142 jak najs\u0142abszy.<\/p>\n<p>&nbsp;<\/p>\n<p><strong>Warto si\u0119 wi\u0119c uzbroi\u0107 w silne dowody potwierdzaj\u0105ce nie tylko zamieszkiwanie w Czechach, ale r\u00f3wnie\u017c posiadanie na terytorium Czech o\u015brodka interes\u00f3w \u017cyciowych<\/strong>. Nale\u017cy wykona\u0107 jak najwi\u0119cej czynno\u015bci, kt\u00f3re potwierdz\u0105 zmian\u0119 o\u015brodka interes\u00f3w \u017cyciowych, a wi\u0119c przede wszystkim:<\/p>\n<ul>\n<li>zmieni\u0107 miejsce zamieszkania (kupuj\u0105c lub wynajmuj\u0105c nieruchomo\u015b\u0107 w Czechach);<\/li>\n<li>sprzeda\u0107 polskie ruchomo\u015bci (lub przerejestrowa\u0107 do Czech &ndash; w przypadku samochodu);<\/li>\n<li>rezygnowa\u0107 z przynale\u017cno\u015bci do polskich: partii politycznych, organizacji, stowarzysze\u0144, klub\u00f3w, zak\u0142ad\u00f3w opieki zdrowotnej;<\/li>\n<li>rozwi\u0105za\u0107 wszelkie stosunki pracy w Polsce.<\/li>\n<\/ul>\n<p>&nbsp;<\/p>\n<p>Powy\u017csze pozwoli na zmniejszenie ryzyka przypisania polskiej rezydencji podatkowej. Zastosowanie b\u0119d\u0105 wtedy mia\u0142y postanowienia <strong>umowy o&nbsp;unikaniu podw\u00f3jnego opodatkowania zawartej mi\u0119dzy Polsk\u0105 a Czesk\u0105 Republik\u0105<\/strong>.<\/p>\n<p>&nbsp;<\/p>\n<h3><strong>Umowa o unikaniu podw\u00f3jnego opodatkowania<\/strong><\/h3>\n<p>Wed\u0142ug art. 4 ust. 1 umowy&nbsp; za rezydenta podatkowego uwa\u017ca si\u0119 ka\u017cd\u0105 osob\u0119 fizyczn\u0105, kt\u00f3ra podlega podatkom danego kraju, poniewa\u017c posiada na terytorium tego kraju miejsce zamieszkanie lub miejsce sta\u0142ego pobytu.<\/p>\n<p><strong>Je\u017celi wed\u0142ug powy\u017cszego osoba fizyczna posiada miejsce zamieszkania w obu pa\u0144stwach, jej status ustala si\u0119 w nast\u0119puj\u0105cy spos\u00f3b<\/strong>:<\/p>\n<ol start=\"1\" style=\"list-style-type: lower-alpha;\">\n<li>za rezydenta danego kraju uwa\u017ca si\u0119 osob\u0119, kt\u00f3ra ma w danym kraju sta\u0142e miejsce zamieszkania. Je\u017celi ma ona sta\u0142e miejsce zamieszkania w obu pa\u0144stwach, to uwa\u017ca si\u0119 j\u0105 za rezydenta tego pa\u0144stwa, <strong>w kt\u00f3rym<\/strong> <strong>ma ona silniejsze powi\u0105zania osobiste lub gospodarcze<\/strong> (posiada w danym pa\u0144stwie o\u015brodek interes\u00f3w \u017cyciowych);<\/li>\n<li>je\u017celi nie mo\u017cna ustali\u0107, w kt\u00f3rym z pa\u0144stw osoba ma o\u015brodek interes\u00f3w \u017cyciowych, albo je\u017celi nie posiada ona sta\u0142ego miejsca zamieszkania w \u017cadnym z umawiaj\u0105cych si\u0119 pa\u0144stw, to uwa\u017ca si\u0119 j\u0105 za rezydenta tego kraju, <strong>w kt\u00f3rym zwykle przebywa<\/strong>;<\/li>\n<li>je\u017celi przebywa ona zazwyczaj w obydwu pa\u0144stwach lub nie przebywa zazwyczaj w \u017cadnym z nich, to b\u0119dzie ona uwa\u017cana za rezydenta tego kraju, <strong>kt\u00f3rego jest obywatelem<\/strong>;<\/li>\n<li>je\u017celi jest ona obywatelem obu umawiaj\u0105cych si\u0119 pa\u0144stw lub nie jest obywatelem \u017cadnego z nich, <strong>w\u0142a\u015bciwe w\u0142adze umawiaj\u0105cych si\u0119 pa\u0144stw, a wi\u0119c ministrowie finans\u00f3w lub ich upowa\u017cnieni reprezentanci, rozstrzygn\u0105 zagadnienie w drodze wzajemnego porozumienia<\/strong>.<\/li>\n<\/ol>\n<p>&nbsp;<\/p>\n<h3><strong>Opodatkowanie dochod\u00f3w zak\u0142adu<\/strong><\/h3>\n<p>Umowa o unikaniu podw\u00f3jnego opodatkowania reguluje r\u00f3wnie\u017c opodatkowanie dochod\u00f3w generowanych przez zak\u0142ad po\u0142o\u017cony w jednym z umawiaj\u0105cych si\u0119 pa\u0144stw, mimo \u017ce sam przedsi\u0119biorca jest rezydentem podatkowym drugiego z umawiaj\u0105cych si\u0119 pa\u0144stw. M\u00f3wimy wtedy o tzw. <strong>ograniczonym obowi\u0105zku podatkowemu, co oznacza, \u017ce dochody, kt\u00f3re mo\u017cna przypisa\u0107 temu zak\u0142adowi, zostan\u0105 opodatkowane w pa\u0144stwie, w kt\u00f3rym jest on zlokalizowany<\/strong>.<\/p>\n<p>Jak wi\u0119c rozumie\u0107 &bdquo;zak\u0142ad&rdquo;? W rozumieniu umowy o unikaniu podw\u00f3jnego opodatkowania okre\u015blenie <strong>&bdquo;zak\u0142ad&rdquo; oznacza sta\u0142\u0105 plac\u00f3wk\u0119, przez kt\u00f3r\u0105 ca\u0142kowicie lub cz\u0119\u015bciowo prowadzona jest dzia\u0142alno\u015b\u0107 przedsi\u0119biorstwa<\/strong>. Okre\u015blenie &bdquo;zak\u0142ad&rdquo; obejmuje w szczeg\u00f3lno\u015bci miejsce zarz\u0105du, fili\u0119, biuro, zak\u0142ad fabryczny, warsztat czy te\u017c miejsce wydobywania zasob\u00f3w naturalnych. Budowa, monta\u017c lub instalacja stanowi zak\u0142ad tylko wtedy, gdy okres ich prowadzenia trwa d\u0142u\u017cej ni\u017c dwana\u015bcie miesi\u0119cy, pocz\u0105wszy od dnia rozpocz\u0119cia efektywnych prac.<\/p>\n<p>Nale\u017cy tutaj pami\u0119ta\u0107, \u017ce okre\u015blenie &bdquo;zak\u0142ad&rdquo; nie obejmuje u\u017cytkowania urz\u0105dze\u0144 s\u0142u\u017c\u0105cych wy\u0142\u0105cznie do sk\u0142adowania, wystawiania albo wydawania d\u00f3br lub towar\u00f3w nale\u017c\u0105cych do przedsi\u0119biorstwa. &bdquo;Zak\u0142adem&rdquo; nie b\u0119dzie te\u017c sta\u0142a plac\u00f3wka utrzymywana wy\u0142\u0105cznie w celu zakupu d\u00f3br lub towar\u00f3w albo w celu zbierania informacji dla przedsi\u0119biorstwa. Wykonywanie dzia\u0142alno\u015bci polegaj\u0105cej na sk\u0142adowaniu, wstawianiu lub wydawaniu czy te\u017c maj\u0105cej dla przedsi\u0119biorstwa charakter przygotowawczy, lub pomocniczy r\u00f3wnie\u017c nie jest obj\u0119te tym terminem.<\/p>\n<p>&nbsp;<\/p>\n<p>Podsumowuj\u0105c &ndash; r\u00f3wnie\u017c w tej sytuacji nale\u017cy pami\u0119ta\u0107, \u017ce dochody zostan\u0105 opodatkowane w Czechach jedynie wtedy, gdy dzia\u0142alno\u015b\u0107 b\u0119dzie fizycznie prowadzona na terenie Czech. Spos\u00f3b wykazania tej okoliczno\u015bci zale\u017cy od charakteru prowadzonej dzia\u0142alno\u015bci. Trzeba te\u017c mie\u0107 na uwadze, \u017ce czeski urz\u0105d skarbowy ch\u0119tnie przyjmie podatek dochodowy od dzia\u0142alno\u015bci zarejestrowanej w\u0142a\u015bnie tam. Mo\u017ce si\u0119 jednak okaza\u0107, \u017ce <strong>polski urz\u0105d skarbowy upomni si\u0119 w przysz\u0142o\u015bci o podatek, naliczaj\u0105c przy tym odsetki i kary. W takiej sytuacji przedsi\u0119biorca b\u0119dzie musia\u0142 zap\u0142aci\u0107 zaleg\u0142o\u015b\u0107 podatkow\u0105 w Polsce i na w\u0142asn\u0105 r\u0119k\u0119 pr\u00f3bowa\u0107 odzyska\u0107 podatek bezzasadnie zap\u0142acony za granic\u0105<\/strong>.<\/p>\n","protected":false},"excerpt":{"rendered":"<p>Rejestracja dzia\u0142alno\u015bci jednoosobowej w Czechach nie jest sposobem na optymalizacj\u0119 podatkow\u0105 ani na unikni\u0119cie p\u0142acenia podatku w Polsce \u2013 wyja\u015bniamy dlaczego.<\/p>\n","protected":false},"author":1,"featured_media":805,"comment_status":"open","ping_status":"open","sticky":false,"template":"","format":"standard","meta":{"footnotes":""},"categories":[23],"tags":[48],"acf":[],"yoast_head":"<!-- This site is optimized with the Yoast SEO Premium plugin v22.7 (Yoast SEO v22.7) - https:\/\/yoast.com\/wordpress\/plugins\/seo\/ -->\n<title>Czy mog\u0119 p\u0142aci\u0107 podatki w Czechach? - Czechy Biznes Expert<\/title>\n<meta name=\"robots\" content=\"index, follow, max-snippet:-1, max-image-preview:large, max-video-preview:-1\" \/>\n<link rel=\"canonical\" href=\"https:\/\/czechybiznes.expert\/informacje\/czy-mog-p-aci-podatki-w-czechach\/\" \/>\n<meta property=\"og:locale\" content=\"pl_PL\" \/>\n<meta property=\"og:type\" content=\"article\" \/>\n<meta property=\"og:title\" content=\"Czy mog\u0119 p\u0142aci\u0107 podatki w Czechach?\" \/>\n<meta property=\"og:description\" content=\"Rejestracja dzia\u0142alno\u015bci jednoosobowej w Czechach nie jest sposobem na optymalizacj\u0119 podatkow\u0105 ani na unikni\u0119cie p\u0142acenia podatku w Polsce \u2013 wyja\u015bniamy dlaczego.\" \/>\n<meta property=\"og:url\" content=\"https:\/\/czechybiznes.expert\/informacje\/czy-mog-p-aci-podatki-w-czechach\/\" \/>\n<meta property=\"og:site_name\" content=\"Czechy Biznes Expert\" \/>\n<meta property=\"article:published_time\" content=\"2018-11-22T12:53:40+00:00\" \/>\n<meta property=\"og:image\" content=\"https:\/\/czechybiznes.expert\/wp-content\/uploads\/sites\/8\/2025\/02\/syl0ziu4r1ck.jpg\" \/>\n\t<meta property=\"og:image:width\" content=\"600\" \/>\n\t<meta property=\"og:image:height\" content=\"406\" \/>\n\t<meta property=\"og:image:type\" content=\"image\/jpeg\" \/>\n<meta name=\"author\" content=\"admin_cg\" \/>\n<meta name=\"twitter:card\" content=\"summary_large_image\" \/>\n<meta name=\"twitter:label1\" content=\"Napisane przez\" \/>\n\t<meta name=\"twitter:data1\" content=\"admin_cg\" \/>\n\t<meta name=\"twitter:label2\" content=\"Szacowany czas czytania\" \/>\n\t<meta name=\"twitter:data2\" content=\"5 minut\" \/>\n<script type=\"application\/ld+json\" class=\"yoast-schema-graph\">{\"@context\":\"https:\/\/schema.org\",\"@graph\":[{\"@type\":\"WebPage\",\"@id\":\"https:\/\/czechybiznes.expert\/informacje\/czy-mog-p-aci-podatki-w-czechach\/\",\"url\":\"https:\/\/czechybiznes.expert\/informacje\/czy-mog-p-aci-podatki-w-czechach\/\",\"name\":\"Czy mog\u0119 p\u0142aci\u0107 podatki w Czechach? - Czechy Biznes Expert\",\"isPartOf\":{\"@id\":\"https:\/\/czechybiznes.expert\/informacje\/#website\"},\"primaryImageOfPage\":{\"@id\":\"https:\/\/czechybiznes.expert\/informacje\/czy-mog-p-aci-podatki-w-czechach\/#primaryimage\"},\"image\":{\"@id\":\"https:\/\/czechybiznes.expert\/informacje\/czy-mog-p-aci-podatki-w-czechach\/#primaryimage\"},\"thumbnailUrl\":\"https:\/\/czechybiznes.expert\/wp-content\/uploads\/sites\/8\/2025\/02\/syl0ziu4r1ck.jpg\",\"datePublished\":\"2018-11-22T12:53:40+00:00\",\"dateModified\":\"2018-11-22T12:53:40+00:00\",\"author\":{\"@id\":\"https:\/\/czechybiznes.expert\/informacje\/#\/schema\/person\/fe95235fef56b7798afcc24f7b4e7888\"},\"breadcrumb\":{\"@id\":\"https:\/\/czechybiznes.expert\/informacje\/czy-mog-p-aci-podatki-w-czechach\/#breadcrumb\"},\"inLanguage\":\"pl-PL\",\"potentialAction\":[{\"@type\":\"ReadAction\",\"target\":[\"https:\/\/czechybiznes.expert\/informacje\/czy-mog-p-aci-podatki-w-czechach\/\"]}]},{\"@type\":\"ImageObject\",\"inLanguage\":\"pl-PL\",\"@id\":\"https:\/\/czechybiznes.expert\/informacje\/czy-mog-p-aci-podatki-w-czechach\/#primaryimage\",\"url\":\"https:\/\/czechybiznes.expert\/wp-content\/uploads\/sites\/8\/2025\/02\/syl0ziu4r1ck.jpg\",\"contentUrl\":\"https:\/\/czechybiznes.expert\/wp-content\/uploads\/sites\/8\/2025\/02\/syl0ziu4r1ck.jpg\",\"width\":600,\"height\":406},{\"@type\":\"BreadcrumbList\",\"@id\":\"https:\/\/czechybiznes.expert\/informacje\/czy-mog-p-aci-podatki-w-czechach\/#breadcrumb\",\"itemListElement\":[{\"@type\":\"ListItem\",\"position\":1,\"name\":\"Strona g\u0142\u00f3wna\",\"item\":\"https:\/\/czechybiznes.expert\/informacje\/\"},{\"@type\":\"ListItem\",\"position\":2,\"name\":\"Czy mog\u0119 p\u0142aci\u0107 podatki w Czechach?\"}]},{\"@type\":\"WebSite\",\"@id\":\"https:\/\/czechybiznes.expert\/informacje\/#website\",\"url\":\"https:\/\/czechybiznes.expert\/informacje\/\",\"name\":\"Czechy Biznes Expert\",\"description\":\"\",\"potentialAction\":[{\"@type\":\"SearchAction\",\"target\":{\"@type\":\"EntryPoint\",\"urlTemplate\":\"https:\/\/czechybiznes.expert\/informacje\/?s={search_term_string}\"},\"query-input\":\"required name=search_term_string\"}],\"inLanguage\":\"pl-PL\"},{\"@type\":\"Person\",\"@id\":\"https:\/\/czechybiznes.expert\/informacje\/#\/schema\/person\/fe95235fef56b7798afcc24f7b4e7888\",\"name\":\"admin_cg\",\"image\":{\"@type\":\"ImageObject\",\"inLanguage\":\"pl-PL\",\"@id\":\"https:\/\/czechybiznes.expert\/informacje\/#\/schema\/person\/image\/\",\"url\":\"https:\/\/secure.gravatar.com\/avatar\/9c58356ed41dabce206eb994d26b437b?s=96&d=mm&r=g\",\"contentUrl\":\"https:\/\/secure.gravatar.com\/avatar\/9c58356ed41dabce206eb994d26b437b?s=96&d=mm&r=g\",\"caption\":\"admin_cg\"},\"sameAs\":[\"http:\/\/grupafarkas.pl\"],\"url\":\"https:\/\/czechybiznes.expert\/informacje\/author\/admin_cg\/\"}]}<\/script>\n<!-- \/ Yoast SEO Premium plugin. -->","yoast_head_json":{"title":"Czy mog\u0119 p\u0142aci\u0107 podatki w Czechach? - Czechy Biznes Expert","robots":{"index":"index","follow":"follow","max-snippet":"max-snippet:-1","max-image-preview":"max-image-preview:large","max-video-preview":"max-video-preview:-1"},"canonical":"https:\/\/czechybiznes.expert\/informacje\/czy-mog-p-aci-podatki-w-czechach\/","og_locale":"pl_PL","og_type":"article","og_title":"Czy mog\u0119 p\u0142aci\u0107 podatki w Czechach?","og_description":"Rejestracja dzia\u0142alno\u015bci jednoosobowej w Czechach nie jest sposobem na optymalizacj\u0119 podatkow\u0105 ani na unikni\u0119cie p\u0142acenia podatku w Polsce \u2013 wyja\u015bniamy dlaczego.","og_url":"https:\/\/czechybiznes.expert\/informacje\/czy-mog-p-aci-podatki-w-czechach\/","og_site_name":"Czechy Biznes Expert","article_published_time":"2018-11-22T12:53:40+00:00","og_image":[{"width":600,"height":406,"url":"https:\/\/czechybiznes.expert\/wp-content\/uploads\/sites\/8\/2025\/02\/syl0ziu4r1ck.jpg","type":"image\/jpeg"}],"author":"admin_cg","twitter_card":"summary_large_image","twitter_misc":{"Napisane przez":"admin_cg","Szacowany czas czytania":"5 minut"},"schema":{"@context":"https:\/\/schema.org","@graph":[{"@type":"WebPage","@id":"https:\/\/czechybiznes.expert\/informacje\/czy-mog-p-aci-podatki-w-czechach\/","url":"https:\/\/czechybiznes.expert\/informacje\/czy-mog-p-aci-podatki-w-czechach\/","name":"Czy mog\u0119 p\u0142aci\u0107 podatki w Czechach? - Czechy Biznes Expert","isPartOf":{"@id":"https:\/\/czechybiznes.expert\/informacje\/#website"},"primaryImageOfPage":{"@id":"https:\/\/czechybiznes.expert\/informacje\/czy-mog-p-aci-podatki-w-czechach\/#primaryimage"},"image":{"@id":"https:\/\/czechybiznes.expert\/informacje\/czy-mog-p-aci-podatki-w-czechach\/#primaryimage"},"thumbnailUrl":"https:\/\/czechybiznes.expert\/wp-content\/uploads\/sites\/8\/2025\/02\/syl0ziu4r1ck.jpg","datePublished":"2018-11-22T12:53:40+00:00","dateModified":"2018-11-22T12:53:40+00:00","author":{"@id":"https:\/\/czechybiznes.expert\/informacje\/#\/schema\/person\/fe95235fef56b7798afcc24f7b4e7888"},"breadcrumb":{"@id":"https:\/\/czechybiznes.expert\/informacje\/czy-mog-p-aci-podatki-w-czechach\/#breadcrumb"},"inLanguage":"pl-PL","potentialAction":[{"@type":"ReadAction","target":["https:\/\/czechybiznes.expert\/informacje\/czy-mog-p-aci-podatki-w-czechach\/"]}]},{"@type":"ImageObject","inLanguage":"pl-PL","@id":"https:\/\/czechybiznes.expert\/informacje\/czy-mog-p-aci-podatki-w-czechach\/#primaryimage","url":"https:\/\/czechybiznes.expert\/wp-content\/uploads\/sites\/8\/2025\/02\/syl0ziu4r1ck.jpg","contentUrl":"https:\/\/czechybiznes.expert\/wp-content\/uploads\/sites\/8\/2025\/02\/syl0ziu4r1ck.jpg","width":600,"height":406},{"@type":"BreadcrumbList","@id":"https:\/\/czechybiznes.expert\/informacje\/czy-mog-p-aci-podatki-w-czechach\/#breadcrumb","itemListElement":[{"@type":"ListItem","position":1,"name":"Strona g\u0142\u00f3wna","item":"https:\/\/czechybiznes.expert\/informacje\/"},{"@type":"ListItem","position":2,"name":"Czy mog\u0119 p\u0142aci\u0107 podatki w Czechach?"}]},{"@type":"WebSite","@id":"https:\/\/czechybiznes.expert\/informacje\/#website","url":"https:\/\/czechybiznes.expert\/informacje\/","name":"Czechy Biznes Expert","description":"","potentialAction":[{"@type":"SearchAction","target":{"@type":"EntryPoint","urlTemplate":"https:\/\/czechybiznes.expert\/informacje\/?s={search_term_string}"},"query-input":"required name=search_term_string"}],"inLanguage":"pl-PL"},{"@type":"Person","@id":"https:\/\/czechybiznes.expert\/informacje\/#\/schema\/person\/fe95235fef56b7798afcc24f7b4e7888","name":"admin_cg","image":{"@type":"ImageObject","inLanguage":"pl-PL","@id":"https:\/\/czechybiznes.expert\/informacje\/#\/schema\/person\/image\/","url":"https:\/\/secure.gravatar.com\/avatar\/9c58356ed41dabce206eb994d26b437b?s=96&d=mm&r=g","contentUrl":"https:\/\/secure.gravatar.com\/avatar\/9c58356ed41dabce206eb994d26b437b?s=96&d=mm&r=g","caption":"admin_cg"},"sameAs":["http:\/\/grupafarkas.pl"],"url":"https:\/\/czechybiznes.expert\/informacje\/author\/admin_cg\/"}]}},"_links":{"self":[{"href":"https:\/\/czechybiznes.expert\/informacje\/wp-json\/wp\/v2\/posts\/804"}],"collection":[{"href":"https:\/\/czechybiznes.expert\/informacje\/wp-json\/wp\/v2\/posts"}],"about":[{"href":"https:\/\/czechybiznes.expert\/informacje\/wp-json\/wp\/v2\/types\/post"}],"author":[{"embeddable":true,"href":"https:\/\/czechybiznes.expert\/informacje\/wp-json\/wp\/v2\/users\/1"}],"replies":[{"embeddable":true,"href":"https:\/\/czechybiznes.expert\/informacje\/wp-json\/wp\/v2\/comments?post=804"}],"version-history":[{"count":0,"href":"https:\/\/czechybiznes.expert\/informacje\/wp-json\/wp\/v2\/posts\/804\/revisions"}],"wp:featuredmedia":[{"embeddable":true,"href":"https:\/\/czechybiznes.expert\/informacje\/wp-json\/wp\/v2\/media\/805"}],"wp:attachment":[{"href":"https:\/\/czechybiznes.expert\/informacje\/wp-json\/wp\/v2\/media?parent=804"}],"wp:term":[{"taxonomy":"category","embeddable":true,"href":"https:\/\/czechybiznes.expert\/informacje\/wp-json\/wp\/v2\/categories?post=804"},{"taxonomy":"post_tag","embeddable":true,"href":"https:\/\/czechybiznes.expert\/informacje\/wp-json\/wp\/v2\/tags?post=804"}],"curies":[{"name":"wp","href":"https:\/\/api.w.org\/{rel}","templated":true}]}}