{"id":802,"date":"2018-11-09T14:18:20","date_gmt":"2018-11-09T13:18:20","guid":{"rendered":"https:\/\/czechybiznes.expert\/liczba-nierzetelnych-p-atnik-w-vat-w-czechach-ro-nie\/"},"modified":"2018-11-09T14:18:20","modified_gmt":"2018-11-09T13:18:20","slug":"liczba-nierzetelnych-p-atnik-w-vat-w-czechach-ro-nie","status":"publish","type":"post","link":"https:\/\/czechybiznes.expert\/informacje\/liczba-nierzetelnych-p-atnik-w-vat-w-czechach-ro-nie\/","title":{"rendered":"Liczba nierzetelnych p\u0142atnik\u00f3w VAT w Czechach ro\u015bnie"},"content":{"rendered":"<h3>Wzrost liczby podmiot\u00f3w uznanych za nierzetelne<\/h3>\n<p>W roku 2018 odnotowano znaczny wzrost liczby podmiot\u00f3w uznanych przez czeskiego fiskusa za nierzetelnych p\u0142atnik\u00f3w podatku VAT. S\u0105 to osoby prawne i fizyczne, kt\u00f3re naruszaj\u0105 obowi\u0105zek p\u0142acenia podatku VAT lub w og\u00f3le si\u0119 z niego nie wywi\u0105zuj\u0105. Opr\u00f3cz nierzetelnych p\u0142atnik\u00f3w czeski Urz\u0105d skarbowy prowadzi r\u00f3wnie\u017c rejestr nierzetelnych os\u00f3b.<\/p>\n<p>&nbsp;<\/p>\n<h3>Rejestr nierzetelnych os\u00f3b<\/h3>\n<p>Rejestr tzw. nierzetelnych os\u00f3b jest w Czechach prowadzony od 1.07.2017r. i obejmuje firmy i przedsi\u0119biorc\u00f3w, kt\u00f3rzy w ra\u017c\u0105cy spos\u00f3b naruszaj\u0105 swoje obowi\u0105zki wobec fiskusa, a tym samym utrudniaj\u0105 w\u0142a\u015bciwe egzekwowanie podatk\u00f3w. W takim rejestrze mog\u0105 si\u0119 znale\u017a\u0107 podmioty, kt\u00f3re nie posiadaj\u0105 statusu aktywnego p\u0142atnika VAT, ale powsta\u0142 wobec nich obowi\u0105zek zap\u0142acenia podatku od przyj\u0119tych z zagranicy towar\u00f3w lub us\u0142ug, a kt\u00f3re taki obowi\u0105zek naruszy\u0142y. Osob\u0105 nierzeteln\u0105 nazywane s\u0105 r\u00f3wnie\u017c &bdquo;byli&rdquo; p\u0142atnicy VAT uznani za nierzetelnych, a wi\u0119c te podmioty, wobec kt\u00f3rych zosta\u0142a anulowana rejestracja do VAT. Anulowaniem rejestracji do VAT nie zanika ich nierzetelno\u015b\u0107.<\/p>\n<p>Rejestr nierzetelnych os\u00f3b bezpo\u015brednio nawi\u0105zuje do rejestru nierzetelnych p\u0142atnik\u00f3w VAT, kt\u00f3ry jest w Czechach prowadzony od roku 2013 i stanowi jego uszczelnienie. Wcze\u015bniej nieuczciwi przedsi\u0119biorcy odkryli luk\u0119 prawn\u0105, kt\u00f3ra pozwala\u0142a im na anulowanie rejestracji do VAT i tym samym usuni\u0119cie z rejestru wszelkich zapis\u00f3w. Po jakim\u015b czasie dokonywali ponownej rejestracji do VAT z &bdquo;czystym&rdquo; kontem. Na chwil\u0119 obecn\u0105 mo\u017cliwa jest anulowanie rejestracji do VAT, ale nie ma mo\u017cliwo\u015bci usuni\u0119cia informacji o niewywi\u0105zywaniu si\u0119 z obowi\u0105zk\u00f3w podatkowych.<\/p>\n<p>Mechanizm ten dzia\u0142a r\u00f3wnie\u017c w drug\u0105 stron\u0119 &ndash; je\u015bli nierzetelna osoba zostanie zarejestrowana jako aktywny p\u0142atnik podatku VAT, automatycznie zostaje jej nadany status nierzetelnego p\u0142atnika VAT.<\/p>\n<p>&nbsp;<\/p>\n<h3>Nadanie statusu nierzetelnego p\u0142atnika lub nierzetelnej osoby<\/h3>\n<p>Uznanie za p\u0142atnika lub osob\u0119 nierzeteln\u0105 nie jest spraw\u0105 prost\u0105, a do rejestru wpisuje si\u0119 osoby, dopuszczaj\u0105ce si\u0119 znacz\u0105cych przewinie\u0144. Z dotychczasowej praktyki wynika, \u017ce chodzi np. o zaleg\u0142o\u015bci w p\u0142aceniu podatku VAT przekraczaj\u0105ce 500&nbsp;000 CZK w okresie trzech miesi\u0119cy. Innymi okoliczno\u015bciami s\u0105 uzasadnione lub udowodnione podejrzenie o oszustwo podatkowe albo wystawienie fikcyjnej faktury. Problematyczni s\u0105 r\u00f3wnie\u017c przedsi\u0119biorcy, z kt\u00f3rymi nie mo\u017cna si\u0119 skontaktowa\u0107 lub kt\u00f3rzy powtarzalnie sprawiaj\u0105 problemy przy egzekwowaniu nale\u017cnego podatku. Wi\u0119cej na ten temat znajd\u0105 Pa\u0144stwo w naszym artykule o <a href=\"https:\/\/czechybiznes.expert\/wpis\/160\">nierzetelnym p\u0142atniku VAT.<\/a><\/p>\n<h3>Dlaczego w roku 2018 odnotowuje si\u0119 wzrost?<\/h3>\n<p>W tym roku odnotowuje si\u0119 szybki wzrost liczby nierzetelnych p\u0142atnik\u00f3w i nierzetelnych os\u00f3b, co mo\u017cna wyt\u0142umaczy\u0107 tym, \u017ce w zesz\u0142ym roku rejestr by\u0142 nowo\u015bci\u0105. Na ten moment urz\u0119dy opanowa\u0142y nowe narz\u0119dzie i sprawniej je wykorzystuj\u0105. Dodatkowo nie bez znaczenia jest fakt, \u017ce post\u0119powanie o uznanie podmiotu za nierzetelny mo\u017ce trwa\u0107 kilka miesi\u0119cy. Te wszcz\u0119te w zesz\u0142ym roku mog\u0142y si\u0119 wi\u0119c zako\u0144czy\u0107 dopiero w bie\u017c\u0105cym.<\/p>\n<p>Cz\u0119\u015b\u0107 przedsi\u0119biorc\u00f3w nadal nie wie o istnieniu rejestru i podejmuje wsp\u00f3\u0142prac\u0119 z nierzetelnymi osobami, a w zwi\u0105zku z tym nara\u017ca si\u0119 na nieprzyjemno\u015bci ze strony fiskusa, kt\u00f3ry ma prawo bada\u0107 wiarogodno\u015b\u0107 i prawowito\u015b\u0107 transakcji.<\/p>\n","protected":false},"excerpt":{"rendered":"<p>Aktualne informacje o rosn\u0105cej liczbie podmiot\u00f3w uznanych przez czeskiego fiskusa za niewiarygodne \u2013 dlaczego tak jest?<\/p>\n","protected":false},"author":1,"featured_media":803,"comment_status":"open","ping_status":"open","sticky":false,"template":"","format":"standard","meta":{"footnotes":""},"categories":[23],"tags":[140,46],"acf":[],"yoast_head":"<!-- This site is optimized with the Yoast SEO Premium plugin v22.7 (Yoast SEO v22.7) - https:\/\/yoast.com\/wordpress\/plugins\/seo\/ -->\n<title>Liczba nierzetelnych p\u0142atnik\u00f3w VAT w Czechach ro\u015bnie - Czechy Biznes Expert<\/title>\n<meta name=\"robots\" content=\"index, follow, max-snippet:-1, max-image-preview:large, max-video-preview:-1\" \/>\n<link rel=\"canonical\" href=\"https:\/\/czechybiznes.expert\/informacje\/liczba-nierzetelnych-p-atnik-w-vat-w-czechach-ro-nie\/\" \/>\n<meta property=\"og:locale\" content=\"pl_PL\" \/>\n<meta property=\"og:type\" content=\"article\" \/>\n<meta property=\"og:title\" content=\"Liczba nierzetelnych p\u0142atnik\u00f3w VAT w Czechach ro\u015bnie\" \/>\n<meta property=\"og:description\" content=\"Aktualne informacje o rosn\u0105cej liczbie podmiot\u00f3w uznanych przez czeskiego fiskusa za niewiarygodne \u2013 dlaczego tak jest?\" \/>\n<meta property=\"og:url\" content=\"https:\/\/czechybiznes.expert\/informacje\/liczba-nierzetelnych-p-atnik-w-vat-w-czechach-ro-nie\/\" \/>\n<meta property=\"og:site_name\" content=\"Czechy Biznes Expert\" \/>\n<meta property=\"article:published_time\" content=\"2018-11-09T13:18:20+00:00\" \/>\n<meta property=\"og:image\" content=\"https:\/\/czechybiznes.expert\/wp-content\/uploads\/sites\/8\/2025\/02\/sn3xs60a200g.jpg\" \/>\n\t<meta property=\"og:image:width\" content=\"600\" \/>\n\t<meta property=\"og:image:height\" content=\"400\" \/>\n\t<meta property=\"og:image:type\" content=\"image\/jpeg\" \/>\n<meta name=\"author\" content=\"admin_cg\" \/>\n<meta name=\"twitter:card\" content=\"summary_large_image\" \/>\n<meta name=\"twitter:label1\" content=\"Napisane przez\" \/>\n\t<meta name=\"twitter:data1\" content=\"admin_cg\" \/>\n\t<meta name=\"twitter:label2\" content=\"Szacowany czas czytania\" \/>\n\t<meta name=\"twitter:data2\" content=\"3 minuty\" \/>\n<script type=\"application\/ld+json\" class=\"yoast-schema-graph\">{\"@context\":\"https:\/\/schema.org\",\"@graph\":[{\"@type\":\"WebPage\",\"@id\":\"https:\/\/czechybiznes.expert\/informacje\/liczba-nierzetelnych-p-atnik-w-vat-w-czechach-ro-nie\/\",\"url\":\"https:\/\/czechybiznes.expert\/informacje\/liczba-nierzetelnych-p-atnik-w-vat-w-czechach-ro-nie\/\",\"name\":\"Liczba nierzetelnych p\u0142atnik\u00f3w VAT w Czechach ro\u015bnie - Czechy Biznes Expert\",\"isPartOf\":{\"@id\":\"https:\/\/czechybiznes.expert\/informacje\/#website\"},\"primaryImageOfPage\":{\"@id\":\"https:\/\/czechybiznes.expert\/informacje\/liczba-nierzetelnych-p-atnik-w-vat-w-czechach-ro-nie\/#primaryimage\"},\"image\":{\"@id\":\"https:\/\/czechybiznes.expert\/informacje\/liczba-nierzetelnych-p-atnik-w-vat-w-czechach-ro-nie\/#primaryimage\"},\"thumbnailUrl\":\"https:\/\/czechybiznes.expert\/wp-content\/uploads\/sites\/8\/2025\/02\/sn3xs60a200g.jpg\",\"datePublished\":\"2018-11-09T13:18:20+00:00\",\"dateModified\":\"2018-11-09T13:18:20+00:00\",\"author\":{\"@id\":\"https:\/\/czechybiznes.expert\/informacje\/#\/schema\/person\/fe95235fef56b7798afcc24f7b4e7888\"},\"breadcrumb\":{\"@id\":\"https:\/\/czechybiznes.expert\/informacje\/liczba-nierzetelnych-p-atnik-w-vat-w-czechach-ro-nie\/#breadcrumb\"},\"inLanguage\":\"pl-PL\",\"potentialAction\":[{\"@type\":\"ReadAction\",\"target\":[\"https:\/\/czechybiznes.expert\/informacje\/liczba-nierzetelnych-p-atnik-w-vat-w-czechach-ro-nie\/\"]}]},{\"@type\":\"ImageObject\",\"inLanguage\":\"pl-PL\",\"@id\":\"https:\/\/czechybiznes.expert\/informacje\/liczba-nierzetelnych-p-atnik-w-vat-w-czechach-ro-nie\/#primaryimage\",\"url\":\"https:\/\/czechybiznes.expert\/wp-content\/uploads\/sites\/8\/2025\/02\/sn3xs60a200g.jpg\",\"contentUrl\":\"https:\/\/czechybiznes.expert\/wp-content\/uploads\/sites\/8\/2025\/02\/sn3xs60a200g.jpg\",\"width\":600,\"height\":400},{\"@type\":\"BreadcrumbList\",\"@id\":\"https:\/\/czechybiznes.expert\/informacje\/liczba-nierzetelnych-p-atnik-w-vat-w-czechach-ro-nie\/#breadcrumb\",\"itemListElement\":[{\"@type\":\"ListItem\",\"position\":1,\"name\":\"Strona g\u0142\u00f3wna\",\"item\":\"https:\/\/czechybiznes.expert\/informacje\/\"},{\"@type\":\"ListItem\",\"position\":2,\"name\":\"Liczba nierzetelnych p\u0142atnik\u00f3w VAT w Czechach ro\u015bnie\"}]},{\"@type\":\"WebSite\",\"@id\":\"https:\/\/czechybiznes.expert\/informacje\/#website\",\"url\":\"https:\/\/czechybiznes.expert\/informacje\/\",\"name\":\"Czechy Biznes Expert\",\"description\":\"\",\"potentialAction\":[{\"@type\":\"SearchAction\",\"target\":{\"@type\":\"EntryPoint\",\"urlTemplate\":\"https:\/\/czechybiznes.expert\/informacje\/?s={search_term_string}\"},\"query-input\":\"required name=search_term_string\"}],\"inLanguage\":\"pl-PL\"},{\"@type\":\"Person\",\"@id\":\"https:\/\/czechybiznes.expert\/informacje\/#\/schema\/person\/fe95235fef56b7798afcc24f7b4e7888\",\"name\":\"admin_cg\",\"image\":{\"@type\":\"ImageObject\",\"inLanguage\":\"pl-PL\",\"@id\":\"https:\/\/czechybiznes.expert\/informacje\/#\/schema\/person\/image\/\",\"url\":\"https:\/\/secure.gravatar.com\/avatar\/9c58356ed41dabce206eb994d26b437b?s=96&d=mm&r=g\",\"contentUrl\":\"https:\/\/secure.gravatar.com\/avatar\/9c58356ed41dabce206eb994d26b437b?s=96&d=mm&r=g\",\"caption\":\"admin_cg\"},\"sameAs\":[\"http:\/\/grupafarkas.pl\"],\"url\":\"https:\/\/czechybiznes.expert\/informacje\/author\/admin_cg\/\"}]}<\/script>\n<!-- \/ Yoast SEO Premium plugin. -->","yoast_head_json":{"title":"Liczba nierzetelnych p\u0142atnik\u00f3w VAT w Czechach ro\u015bnie - Czechy Biznes Expert","robots":{"index":"index","follow":"follow","max-snippet":"max-snippet:-1","max-image-preview":"max-image-preview:large","max-video-preview":"max-video-preview:-1"},"canonical":"https:\/\/czechybiznes.expert\/informacje\/liczba-nierzetelnych-p-atnik-w-vat-w-czechach-ro-nie\/","og_locale":"pl_PL","og_type":"article","og_title":"Liczba nierzetelnych p\u0142atnik\u00f3w VAT w Czechach ro\u015bnie","og_description":"Aktualne informacje o rosn\u0105cej liczbie podmiot\u00f3w uznanych przez czeskiego fiskusa za niewiarygodne \u2013 dlaczego tak jest?","og_url":"https:\/\/czechybiznes.expert\/informacje\/liczba-nierzetelnych-p-atnik-w-vat-w-czechach-ro-nie\/","og_site_name":"Czechy Biznes Expert","article_published_time":"2018-11-09T13:18:20+00:00","og_image":[{"width":600,"height":400,"url":"https:\/\/czechybiznes.expert\/wp-content\/uploads\/sites\/8\/2025\/02\/sn3xs60a200g.jpg","type":"image\/jpeg"}],"author":"admin_cg","twitter_card":"summary_large_image","twitter_misc":{"Napisane przez":"admin_cg","Szacowany czas czytania":"3 minuty"},"schema":{"@context":"https:\/\/schema.org","@graph":[{"@type":"WebPage","@id":"https:\/\/czechybiznes.expert\/informacje\/liczba-nierzetelnych-p-atnik-w-vat-w-czechach-ro-nie\/","url":"https:\/\/czechybiznes.expert\/informacje\/liczba-nierzetelnych-p-atnik-w-vat-w-czechach-ro-nie\/","name":"Liczba nierzetelnych p\u0142atnik\u00f3w VAT w Czechach ro\u015bnie - Czechy Biznes Expert","isPartOf":{"@id":"https:\/\/czechybiznes.expert\/informacje\/#website"},"primaryImageOfPage":{"@id":"https:\/\/czechybiznes.expert\/informacje\/liczba-nierzetelnych-p-atnik-w-vat-w-czechach-ro-nie\/#primaryimage"},"image":{"@id":"https:\/\/czechybiznes.expert\/informacje\/liczba-nierzetelnych-p-atnik-w-vat-w-czechach-ro-nie\/#primaryimage"},"thumbnailUrl":"https:\/\/czechybiznes.expert\/wp-content\/uploads\/sites\/8\/2025\/02\/sn3xs60a200g.jpg","datePublished":"2018-11-09T13:18:20+00:00","dateModified":"2018-11-09T13:18:20+00:00","author":{"@id":"https:\/\/czechybiznes.expert\/informacje\/#\/schema\/person\/fe95235fef56b7798afcc24f7b4e7888"},"breadcrumb":{"@id":"https:\/\/czechybiznes.expert\/informacje\/liczba-nierzetelnych-p-atnik-w-vat-w-czechach-ro-nie\/#breadcrumb"},"inLanguage":"pl-PL","potentialAction":[{"@type":"ReadAction","target":["https:\/\/czechybiznes.expert\/informacje\/liczba-nierzetelnych-p-atnik-w-vat-w-czechach-ro-nie\/"]}]},{"@type":"ImageObject","inLanguage":"pl-PL","@id":"https:\/\/czechybiznes.expert\/informacje\/liczba-nierzetelnych-p-atnik-w-vat-w-czechach-ro-nie\/#primaryimage","url":"https:\/\/czechybiznes.expert\/wp-content\/uploads\/sites\/8\/2025\/02\/sn3xs60a200g.jpg","contentUrl":"https:\/\/czechybiznes.expert\/wp-content\/uploads\/sites\/8\/2025\/02\/sn3xs60a200g.jpg","width":600,"height":400},{"@type":"BreadcrumbList","@id":"https:\/\/czechybiznes.expert\/informacje\/liczba-nierzetelnych-p-atnik-w-vat-w-czechach-ro-nie\/#breadcrumb","itemListElement":[{"@type":"ListItem","position":1,"name":"Strona g\u0142\u00f3wna","item":"https:\/\/czechybiznes.expert\/informacje\/"},{"@type":"ListItem","position":2,"name":"Liczba nierzetelnych p\u0142atnik\u00f3w VAT w Czechach ro\u015bnie"}]},{"@type":"WebSite","@id":"https:\/\/czechybiznes.expert\/informacje\/#website","url":"https:\/\/czechybiznes.expert\/informacje\/","name":"Czechy Biznes Expert","description":"","potentialAction":[{"@type":"SearchAction","target":{"@type":"EntryPoint","urlTemplate":"https:\/\/czechybiznes.expert\/informacje\/?s={search_term_string}"},"query-input":"required name=search_term_string"}],"inLanguage":"pl-PL"},{"@type":"Person","@id":"https:\/\/czechybiznes.expert\/informacje\/#\/schema\/person\/fe95235fef56b7798afcc24f7b4e7888","name":"admin_cg","image":{"@type":"ImageObject","inLanguage":"pl-PL","@id":"https:\/\/czechybiznes.expert\/informacje\/#\/schema\/person\/image\/","url":"https:\/\/secure.gravatar.com\/avatar\/9c58356ed41dabce206eb994d26b437b?s=96&d=mm&r=g","contentUrl":"https:\/\/secure.gravatar.com\/avatar\/9c58356ed41dabce206eb994d26b437b?s=96&d=mm&r=g","caption":"admin_cg"},"sameAs":["http:\/\/grupafarkas.pl"],"url":"https:\/\/czechybiznes.expert\/informacje\/author\/admin_cg\/"}]}},"_links":{"self":[{"href":"https:\/\/czechybiznes.expert\/informacje\/wp-json\/wp\/v2\/posts\/802"}],"collection":[{"href":"https:\/\/czechybiznes.expert\/informacje\/wp-json\/wp\/v2\/posts"}],"about":[{"href":"https:\/\/czechybiznes.expert\/informacje\/wp-json\/wp\/v2\/types\/post"}],"author":[{"embeddable":true,"href":"https:\/\/czechybiznes.expert\/informacje\/wp-json\/wp\/v2\/users\/1"}],"replies":[{"embeddable":true,"href":"https:\/\/czechybiznes.expert\/informacje\/wp-json\/wp\/v2\/comments?post=802"}],"version-history":[{"count":0,"href":"https:\/\/czechybiznes.expert\/informacje\/wp-json\/wp\/v2\/posts\/802\/revisions"}],"wp:featuredmedia":[{"embeddable":true,"href":"https:\/\/czechybiznes.expert\/informacje\/wp-json\/wp\/v2\/media\/803"}],"wp:attachment":[{"href":"https:\/\/czechybiznes.expert\/informacje\/wp-json\/wp\/v2\/media?parent=802"}],"wp:term":[{"taxonomy":"category","embeddable":true,"href":"https:\/\/czechybiznes.expert\/informacje\/wp-json\/wp\/v2\/categories?post=802"},{"taxonomy":"post_tag","embeddable":true,"href":"https:\/\/czechybiznes.expert\/informacje\/wp-json\/wp\/v2\/tags?post=802"}],"curies":[{"name":"wp","href":"https:\/\/api.w.org\/{rel}","templated":true}]}}