{"id":790,"date":"2018-09-07T09:37:03","date_gmt":"2018-09-07T07:37:03","guid":{"rendered":"https:\/\/czechybiznes.expert\/odpowiedzialno-za-niezap-acony-podatek-vat\/"},"modified":"2018-09-07T09:37:03","modified_gmt":"2018-09-07T07:37:03","slug":"odpowiedzialno-za-niezap-acony-podatek-vat","status":"publish","type":"post","link":"https:\/\/czechybiznes.expert\/informacje\/odpowiedzialno-za-niezap-acony-podatek-vat\/","title":{"rendered":"Odpowiedzialno\u015b\u0107 za niezap\u0142acony podatek VAT"},"content":{"rendered":"<h3><strong>Przeniesienie odpowiedzialno\u015bci na odbiorc\u0119<\/strong><\/h3>\n<p>Czeski Urz\u0105d Skarbowy, broni\u0105c si\u0119 przed nieuczciwymi przedsi\u0119biorcami, kt\u00f3rzy unikaj\u0105 p\u0142acenia podatku VAT, <strong>przeni\u00f3s\u0142 na odbiorc\u0119 towaru lub us\u0142ugi, odpowiedzialno\u015b\u0107 za zap\u0142acenie podatku, kt\u00f3rego uregulowanie jest obowi\u0105zkiem dostawcy<\/strong>. Innymi s\u0142owy, je\u015bli korzystamy z us\u0142ug lub kupujemy towar, od kt\u00f3rych podatek VAT winien zap\u0142aci\u0107 dostawca, r\u0119czymy za to, \u017ce podatek VAT zostanie przez niego zap\u0142acony.<\/p>\n<p>Odpowiedzialno\u015b\u0107 ta stanowi najwi\u0119ksze zagro\u017cenie dla drobnych przedsi\u0119biorc\u00f3w, z regu\u0142y os\u00f3b prowadz\u0105cych dzia\u0142alno\u015b\u0107 jednoosobow\u0105, poniewa\u017c jako osoby fizyczne odpowiadaj\u0105 za zobowi\u0105zania ca\u0142ym swoim maj\u0105tkiem. R\u00f3wnie\u017c cz\u0142onkowie organu statutowego sp\u00f3\u0142ek s.r.o. s\u0105 obj\u0119ci spor\u0105 odpowiedzialno\u015bci\u0105, o czym pisali\u015bmy w <a href=\"https:\/\/czechybiznes.expert\/wpis\/128\">artykule o odpowiedzialno\u015bci cz\u0142onk\u00f3w Zarz\u0105du<\/a>. W ich przypadku ma oczywi\u015bcie znaczenie, czy wykonywali swoj\u0105 funkcj\u0119 z nale\u017cyt\u0105 staranno\u015bci\u0105.<\/p>\n<p>&nbsp;<\/p>\n<h3><strong>W jakich sytuacjach odbiorca mo\u017ce odpowiada\u0107 za zap\u0142acenie podatku VAT?<\/strong><\/h3>\n<p>Na pocz\u0105tku nale\u017cy podkre\u015bli\u0107, \u017ce <strong>odpowiedzialno\u015b\u0107 mog\u0105 ponosi\u0107 jedynie aktywni p\u0142atnicy VAT<\/strong>, kt\u00f3rzy przyjmuj\u0105 dostaw\u0119 towaru lub us\u0142ug z realizacj\u0105 na terenie Czech od innego p\u0142atnika VAT, lub kt\u00f3rzy oferuj\u0105 zap\u0142at\u0119 za t\u0119 transakcj\u0119.<\/p>\n<p>&nbsp;<\/p>\n<p>Odbiorca staje si\u0119 gwarantem niezap\u0142aconego podatku VAT przede wszystkim wtedy, gdy <strong>podejmuje wsp\u00f3\u0142prac\u0119 z tzw. <a href=\"https:\/\/czechybiznes.expert\/wpis\/160\">nierzetelnym p\u0142atnikiem VAT<\/a><\/strong>, a wi\u0119c osob\u0105, kt\u00f3ra w ra\u017c\u0105cy spos\u00f3b zarusza swoje obowi\u0105zki wzgl\u0119dem fiskusa. Informacja o takich osobach jest dost\u0119pna online. Przed podj\u0119ciem wsp\u00f3\u0142pracy, mo\u017cliwe jest wi\u0119c zlustrowanie kontrahenta.<\/p>\n<p>&nbsp;<\/p>\n<p>Co wi\u0119cej, odbiorca ponosi odpowiedzialno\u015b\u0107, je\u015bli w momencie przyj\u0119cia towaru lub us\u0142ugi <strong>wiedzia\u0142, lub powinien by\u0142 wiedzie\u0107, \u017ce ich dostawca umy\u015blnie nie zap\u0142aci podatku, \u017ce dojdzie do zani\u017cenia nale\u017cnej kwoty lub \u017ce dostawca celowo znalaz\u0142 si\u0119 w sytuacji, kt\u00f3ra nie pozwala\u0142a mu na zap\u0142acenie podatku<\/strong>. Rodzi si\u0119 wi\u0119c pytanie &ndash; co oznacza &bdquo;powinien by\u0142 wiedzie\u0107&rdquo;? Ot\u00f3\u017c chodzi tu o przewinienie zaniedbania. Odbiorca powinien podj\u0105\u0107 wszelkie kroki, kt\u00f3re pozwol\u0105 mu uzyska\u0107 niezb\u0119dne informacje jeszcze przed przyst\u0105pieniem do transakcji. Na przyk\u0142ad brak czasu lub niezb\u0119dnej wiedzy (np. o tym, jak i gdzie mo\u017cna takie informacje znale\u017a\u0107) nie mo\u017ce by\u0107 tutaj traktowane jako usprawiedliwienie.<\/p>\n<p>&nbsp;<\/p>\n<p>Planuj\u0105c op\u0142acenie faktury na kwot\u0119 przekraczaj\u0105ca 540 000 CZK (dwukrotno\u015b\u0107 limitu na op\u0142aty got\u00f3wkowe, kt\u00f3ry w Czechach wynosi 270 000 CZK), odbiorca powinien najpierw <strong>skontrolowa\u0107, czy konto dostawcy jest upublicznione w <a href=\"http:\/\/adisreg.mfcr.cz\/adis\/jepo\/epo\/dpr\/apl_ramce.htm?R=\/adistc\/DphReg?ZPRAC=FDPHI1%26poc_dic=2%26OK=Zobraz\">rejestrze p\u0142atnik\u00f3w VAT<\/a><\/strong>. Je\u015bli dokona op\u0142aty na konto inne, ni\u017c podane w rejestrze, odpowiadamy za zap\u0142acenie podatku.<\/p>\n<p>&nbsp;<\/p>\n<p>To zosta\u0142o rozszerzone na <strong>transakcje realizowane na terenie Czech, za kt\u00f3re op\u0142aty s\u0105 dokonywane na konto zagraniczne dostawcy<\/strong>. W takiej sytuacji odbiorca ponosi odpowiedzialno\u015b\u0107 i nie ma przy tym znaczenia, czy dane konto zagraniczne zosta\u0142o upublicznione w rejestrze p\u0142atnik\u00f3w VAT.<\/p>\n<p>&nbsp;<\/p>\n<p>Wa\u017cne te\u017c jest, aby przy zakupie paliwa, sprawdzi\u0107, <strong>czy dostawca jest wpisany do rejestru dystrybutor\u00f3w paliw, prowadzonego przez czeskie s\u0142u\u017cby celne<\/strong>. Gdyby si\u0119 okaza\u0142o, \u017ce nie ma go w rejestrze &ndash; odbiorca odpowiada za zap\u0142acenie VAT.<\/p>\n<p>&nbsp;<\/p>\n<p>Urz\u0105d skarbowy jest te\u017c wyczulony na <strong>zbyt niskie ceny<\/strong>, kt\u00f3re nie maj\u0105 jasnego ekonomicznego wyt\u0142umaczenia.<\/p>\n<p>&nbsp;<\/p>\n<p>Nowo\u015bci\u0105 jest to, \u017ce odpowiedzialno\u015b\u0107 ponosi odbiorca r\u00f3wnie\u017c wtedy, <strong>gdy op\u0142aca transakcj\u0119 walut\u0105 wirtualn\u0105.<\/strong><\/p>\n<p>&nbsp;<\/p>\n<h3><strong>Jak si\u0119 broni\u0107 przed odpowiedzialno\u015bci\u0105?<\/strong><\/h3>\n<p>Aby si\u0119 zabezpieczy\u0107, odbiorca mo\u017ce zap\u0142aci\u0107 podatek VAT od danej transakcji &bdquo;z wyprzedzeniem&ldquo;. Zamiast p\u0142aci\u0107 VAT dostawcy towar\u00f3w lub us\u0142ug, <strong>mo\u017ce odprowadzi\u0107 nale\u017cn\u0105 kwot\u0119 podatku na konto dostawcy w Urz\u0119dzie skarbowym, pod kt\u00f3ry podlega<\/strong>.<\/p>\n<p>&nbsp;<\/p>\n<p>Podsumowuj\u0105c: je\u015bli zaistnieje kt\u00f3ra\u015b z wy\u017cej opisanych sytuacji, dostawca towaru lub us\u0142ugi rzeczywi\u015bcie nie zap\u0142aci nale\u017cnego podatku, a odbiorca nie zapewni zap\u0142acenia VAT poprzez jego bezpo\u015brednie odprowadzenie do odpowiedniego Urz\u0119du skarbowego &ndash; uregulowanie podatku spocznie na barkach odbiorcy. W efekcie zap\u0142aci VAT dwukrotnie, a wi\u0119c dostawcy oraz Urz\u0119dowi skarbowemu.<\/p>\n<p>&nbsp;<\/p>\n<p><strong>Op\u0142acenie podatku bezpo\u015brednio na konto odpowiedniego Urz\u0119du skarbowego pozwala na unikni\u0119cie nieprzyjemno\u015bci ze strony pa\u0144stwa. Nie daje jednak gwarancji, \u017ce podatek zostanie przez odbiorc\u0119 transakcji odzyskany<\/strong>. Mo\u017ce on wysun\u0105\u0107 roszczenia wzgl\u0119dem dostawcy i liczy\u0107 na ich uregulowanie, a je\u015bli to nie pomo\u017ce &ndash; wkroczy\u0107 na drog\u0119 s\u0105dow\u0105.<\/p>\n","protected":false},"excerpt":{"rendered":"<p>Czy nabywca mo\u017ce zosta\u0107 obci\u0105\u017cony zap\u0142at\u0105 podatku VAT za sprzedawc\u0119? W jakich sytuacjach nast\u0119puje przeniesienie odpowiedzialno\u015bci? Jak si\u0119 przed tym broni\u0107?<\/p>\n","protected":false},"author":1,"featured_media":791,"comment_status":"open","ping_status":"open","sticky":false,"template":"","format":"standard","meta":{"footnotes":""},"categories":[23],"tags":[],"acf":[],"yoast_head":"<!-- This site is optimized with the Yoast SEO Premium plugin v22.7 (Yoast SEO v22.7) - https:\/\/yoast.com\/wordpress\/plugins\/seo\/ -->\n<title>Odpowiedzialno\u015b\u0107 za niezap\u0142acony podatek VAT - Czechy Biznes Expert<\/title>\n<meta name=\"robots\" content=\"index, follow, max-snippet:-1, max-image-preview:large, max-video-preview:-1\" \/>\n<link rel=\"canonical\" href=\"https:\/\/czechybiznes.expert\/informacje\/odpowiedzialno-za-niezap-acony-podatek-vat\/\" \/>\n<meta property=\"og:locale\" content=\"pl_PL\" \/>\n<meta property=\"og:type\" content=\"article\" \/>\n<meta property=\"og:title\" content=\"Odpowiedzialno\u015b\u0107 za niezap\u0142acony podatek VAT\" \/>\n<meta property=\"og:description\" content=\"Czy nabywca mo\u017ce zosta\u0107 obci\u0105\u017cony zap\u0142at\u0105 podatku VAT za sprzedawc\u0119? W jakich sytuacjach nast\u0119puje przeniesienie odpowiedzialno\u015bci? Jak si\u0119 przed tym broni\u0107?\" \/>\n<meta property=\"og:url\" content=\"https:\/\/czechybiznes.expert\/informacje\/odpowiedzialno-za-niezap-acony-podatek-vat\/\" \/>\n<meta property=\"og:site_name\" content=\"Czechy Biznes Expert\" \/>\n<meta property=\"article:published_time\" content=\"2018-09-07T07:37:03+00:00\" \/>\n<meta property=\"og:image\" content=\"https:\/\/czechybiznes.expert\/wp-content\/uploads\/sites\/8\/2025\/02\/5hxu0nj3sq04.jpg\" \/>\n\t<meta property=\"og:image:width\" content=\"600\" \/>\n\t<meta property=\"og:image:height\" content=\"400\" \/>\n\t<meta property=\"og:image:type\" content=\"image\/jpeg\" \/>\n<meta name=\"author\" content=\"admin_cg\" \/>\n<meta name=\"twitter:card\" content=\"summary_large_image\" \/>\n<meta name=\"twitter:label1\" content=\"Napisane przez\" \/>\n\t<meta name=\"twitter:data1\" content=\"admin_cg\" \/>\n\t<meta name=\"twitter:label2\" content=\"Szacowany czas czytania\" \/>\n\t<meta name=\"twitter:data2\" content=\"4 minuty\" \/>\n<script type=\"application\/ld+json\" class=\"yoast-schema-graph\">{\"@context\":\"https:\/\/schema.org\",\"@graph\":[{\"@type\":\"WebPage\",\"@id\":\"https:\/\/czechybiznes.expert\/informacje\/odpowiedzialno-za-niezap-acony-podatek-vat\/\",\"url\":\"https:\/\/czechybiznes.expert\/informacje\/odpowiedzialno-za-niezap-acony-podatek-vat\/\",\"name\":\"Odpowiedzialno\u015b\u0107 za niezap\u0142acony podatek VAT - Czechy Biznes Expert\",\"isPartOf\":{\"@id\":\"https:\/\/czechybiznes.expert\/informacje\/#website\"},\"primaryImageOfPage\":{\"@id\":\"https:\/\/czechybiznes.expert\/informacje\/odpowiedzialno-za-niezap-acony-podatek-vat\/#primaryimage\"},\"image\":{\"@id\":\"https:\/\/czechybiznes.expert\/informacje\/odpowiedzialno-za-niezap-acony-podatek-vat\/#primaryimage\"},\"thumbnailUrl\":\"https:\/\/czechybiznes.expert\/wp-content\/uploads\/sites\/8\/2025\/02\/5hxu0nj3sq04.jpg\",\"datePublished\":\"2018-09-07T07:37:03+00:00\",\"dateModified\":\"2018-09-07T07:37:03+00:00\",\"author\":{\"@id\":\"https:\/\/czechybiznes.expert\/informacje\/#\/schema\/person\/fe95235fef56b7798afcc24f7b4e7888\"},\"breadcrumb\":{\"@id\":\"https:\/\/czechybiznes.expert\/informacje\/odpowiedzialno-za-niezap-acony-podatek-vat\/#breadcrumb\"},\"inLanguage\":\"pl-PL\",\"potentialAction\":[{\"@type\":\"ReadAction\",\"target\":[\"https:\/\/czechybiznes.expert\/informacje\/odpowiedzialno-za-niezap-acony-podatek-vat\/\"]}]},{\"@type\":\"ImageObject\",\"inLanguage\":\"pl-PL\",\"@id\":\"https:\/\/czechybiznes.expert\/informacje\/odpowiedzialno-za-niezap-acony-podatek-vat\/#primaryimage\",\"url\":\"https:\/\/czechybiznes.expert\/wp-content\/uploads\/sites\/8\/2025\/02\/5hxu0nj3sq04.jpg\",\"contentUrl\":\"https:\/\/czechybiznes.expert\/wp-content\/uploads\/sites\/8\/2025\/02\/5hxu0nj3sq04.jpg\",\"width\":600,\"height\":400},{\"@type\":\"BreadcrumbList\",\"@id\":\"https:\/\/czechybiznes.expert\/informacje\/odpowiedzialno-za-niezap-acony-podatek-vat\/#breadcrumb\",\"itemListElement\":[{\"@type\":\"ListItem\",\"position\":1,\"name\":\"Strona g\u0142\u00f3wna\",\"item\":\"https:\/\/czechybiznes.expert\/informacje\/\"},{\"@type\":\"ListItem\",\"position\":2,\"name\":\"Odpowiedzialno\u015b\u0107 za niezap\u0142acony podatek VAT\"}]},{\"@type\":\"WebSite\",\"@id\":\"https:\/\/czechybiznes.expert\/informacje\/#website\",\"url\":\"https:\/\/czechybiznes.expert\/informacje\/\",\"name\":\"Czechy Biznes Expert\",\"description\":\"\",\"potentialAction\":[{\"@type\":\"SearchAction\",\"target\":{\"@type\":\"EntryPoint\",\"urlTemplate\":\"https:\/\/czechybiznes.expert\/informacje\/?s={search_term_string}\"},\"query-input\":\"required name=search_term_string\"}],\"inLanguage\":\"pl-PL\"},{\"@type\":\"Person\",\"@id\":\"https:\/\/czechybiznes.expert\/informacje\/#\/schema\/person\/fe95235fef56b7798afcc24f7b4e7888\",\"name\":\"admin_cg\",\"image\":{\"@type\":\"ImageObject\",\"inLanguage\":\"pl-PL\",\"@id\":\"https:\/\/czechybiznes.expert\/informacje\/#\/schema\/person\/image\/\",\"url\":\"https:\/\/secure.gravatar.com\/avatar\/9c58356ed41dabce206eb994d26b437b?s=96&d=mm&r=g\",\"contentUrl\":\"https:\/\/secure.gravatar.com\/avatar\/9c58356ed41dabce206eb994d26b437b?s=96&d=mm&r=g\",\"caption\":\"admin_cg\"},\"sameAs\":[\"http:\/\/grupafarkas.pl\"],\"url\":\"https:\/\/czechybiznes.expert\/informacje\/author\/admin_cg\/\"}]}<\/script>\n<!-- \/ Yoast SEO Premium plugin. -->","yoast_head_json":{"title":"Odpowiedzialno\u015b\u0107 za niezap\u0142acony podatek VAT - Czechy Biznes Expert","robots":{"index":"index","follow":"follow","max-snippet":"max-snippet:-1","max-image-preview":"max-image-preview:large","max-video-preview":"max-video-preview:-1"},"canonical":"https:\/\/czechybiznes.expert\/informacje\/odpowiedzialno-za-niezap-acony-podatek-vat\/","og_locale":"pl_PL","og_type":"article","og_title":"Odpowiedzialno\u015b\u0107 za niezap\u0142acony podatek VAT","og_description":"Czy nabywca mo\u017ce zosta\u0107 obci\u0105\u017cony zap\u0142at\u0105 podatku VAT za sprzedawc\u0119? W jakich sytuacjach nast\u0119puje przeniesienie odpowiedzialno\u015bci? Jak si\u0119 przed tym broni\u0107?","og_url":"https:\/\/czechybiznes.expert\/informacje\/odpowiedzialno-za-niezap-acony-podatek-vat\/","og_site_name":"Czechy Biznes Expert","article_published_time":"2018-09-07T07:37:03+00:00","og_image":[{"width":600,"height":400,"url":"https:\/\/czechybiznes.expert\/wp-content\/uploads\/sites\/8\/2025\/02\/5hxu0nj3sq04.jpg","type":"image\/jpeg"}],"author":"admin_cg","twitter_card":"summary_large_image","twitter_misc":{"Napisane przez":"admin_cg","Szacowany czas czytania":"4 minuty"},"schema":{"@context":"https:\/\/schema.org","@graph":[{"@type":"WebPage","@id":"https:\/\/czechybiznes.expert\/informacje\/odpowiedzialno-za-niezap-acony-podatek-vat\/","url":"https:\/\/czechybiznes.expert\/informacje\/odpowiedzialno-za-niezap-acony-podatek-vat\/","name":"Odpowiedzialno\u015b\u0107 za niezap\u0142acony podatek VAT - Czechy Biznes Expert","isPartOf":{"@id":"https:\/\/czechybiznes.expert\/informacje\/#website"},"primaryImageOfPage":{"@id":"https:\/\/czechybiznes.expert\/informacje\/odpowiedzialno-za-niezap-acony-podatek-vat\/#primaryimage"},"image":{"@id":"https:\/\/czechybiznes.expert\/informacje\/odpowiedzialno-za-niezap-acony-podatek-vat\/#primaryimage"},"thumbnailUrl":"https:\/\/czechybiznes.expert\/wp-content\/uploads\/sites\/8\/2025\/02\/5hxu0nj3sq04.jpg","datePublished":"2018-09-07T07:37:03+00:00","dateModified":"2018-09-07T07:37:03+00:00","author":{"@id":"https:\/\/czechybiznes.expert\/informacje\/#\/schema\/person\/fe95235fef56b7798afcc24f7b4e7888"},"breadcrumb":{"@id":"https:\/\/czechybiznes.expert\/informacje\/odpowiedzialno-za-niezap-acony-podatek-vat\/#breadcrumb"},"inLanguage":"pl-PL","potentialAction":[{"@type":"ReadAction","target":["https:\/\/czechybiznes.expert\/informacje\/odpowiedzialno-za-niezap-acony-podatek-vat\/"]}]},{"@type":"ImageObject","inLanguage":"pl-PL","@id":"https:\/\/czechybiznes.expert\/informacje\/odpowiedzialno-za-niezap-acony-podatek-vat\/#primaryimage","url":"https:\/\/czechybiznes.expert\/wp-content\/uploads\/sites\/8\/2025\/02\/5hxu0nj3sq04.jpg","contentUrl":"https:\/\/czechybiznes.expert\/wp-content\/uploads\/sites\/8\/2025\/02\/5hxu0nj3sq04.jpg","width":600,"height":400},{"@type":"BreadcrumbList","@id":"https:\/\/czechybiznes.expert\/informacje\/odpowiedzialno-za-niezap-acony-podatek-vat\/#breadcrumb","itemListElement":[{"@type":"ListItem","position":1,"name":"Strona g\u0142\u00f3wna","item":"https:\/\/czechybiznes.expert\/informacje\/"},{"@type":"ListItem","position":2,"name":"Odpowiedzialno\u015b\u0107 za niezap\u0142acony podatek VAT"}]},{"@type":"WebSite","@id":"https:\/\/czechybiznes.expert\/informacje\/#website","url":"https:\/\/czechybiznes.expert\/informacje\/","name":"Czechy Biznes Expert","description":"","potentialAction":[{"@type":"SearchAction","target":{"@type":"EntryPoint","urlTemplate":"https:\/\/czechybiznes.expert\/informacje\/?s={search_term_string}"},"query-input":"required name=search_term_string"}],"inLanguage":"pl-PL"},{"@type":"Person","@id":"https:\/\/czechybiznes.expert\/informacje\/#\/schema\/person\/fe95235fef56b7798afcc24f7b4e7888","name":"admin_cg","image":{"@type":"ImageObject","inLanguage":"pl-PL","@id":"https:\/\/czechybiznes.expert\/informacje\/#\/schema\/person\/image\/","url":"https:\/\/secure.gravatar.com\/avatar\/9c58356ed41dabce206eb994d26b437b?s=96&d=mm&r=g","contentUrl":"https:\/\/secure.gravatar.com\/avatar\/9c58356ed41dabce206eb994d26b437b?s=96&d=mm&r=g","caption":"admin_cg"},"sameAs":["http:\/\/grupafarkas.pl"],"url":"https:\/\/czechybiznes.expert\/informacje\/author\/admin_cg\/"}]}},"_links":{"self":[{"href":"https:\/\/czechybiznes.expert\/informacje\/wp-json\/wp\/v2\/posts\/790"}],"collection":[{"href":"https:\/\/czechybiznes.expert\/informacje\/wp-json\/wp\/v2\/posts"}],"about":[{"href":"https:\/\/czechybiznes.expert\/informacje\/wp-json\/wp\/v2\/types\/post"}],"author":[{"embeddable":true,"href":"https:\/\/czechybiznes.expert\/informacje\/wp-json\/wp\/v2\/users\/1"}],"replies":[{"embeddable":true,"href":"https:\/\/czechybiznes.expert\/informacje\/wp-json\/wp\/v2\/comments?post=790"}],"version-history":[{"count":0,"href":"https:\/\/czechybiznes.expert\/informacje\/wp-json\/wp\/v2\/posts\/790\/revisions"}],"wp:featuredmedia":[{"embeddable":true,"href":"https:\/\/czechybiznes.expert\/informacje\/wp-json\/wp\/v2\/media\/791"}],"wp:attachment":[{"href":"https:\/\/czechybiznes.expert\/informacje\/wp-json\/wp\/v2\/media?parent=790"}],"wp:term":[{"taxonomy":"category","embeddable":true,"href":"https:\/\/czechybiznes.expert\/informacje\/wp-json\/wp\/v2\/categories?post=790"},{"taxonomy":"post_tag","embeddable":true,"href":"https:\/\/czechybiznes.expert\/informacje\/wp-json\/wp\/v2\/tags?post=790"}],"curies":[{"name":"wp","href":"https:\/\/api.w.org\/{rel}","templated":true}]}}