{"id":772,"date":"2018-06-15T16:44:43","date_gmt":"2018-06-15T14:44:43","guid":{"rendered":"https:\/\/czechybiznes.expert\/rozliczanie-delegacji-pracownik-w\/"},"modified":"2018-06-15T16:44:43","modified_gmt":"2018-06-15T14:44:43","slug":"rozliczanie-delegacji-pracownik-w","status":"publish","type":"post","link":"https:\/\/czechybiznes.expert\/informacje\/rozliczanie-delegacji-pracownik-w\/","title":{"rendered":"Rozliczanie delegacji pracownik\u00f3w"},"content":{"rendered":"<h3><strong>Wy\u017cywienie w podr\u00f3\u017cy s\u0142u\u017cbowej<\/strong><\/h3>\n<p>Je\u015bli pracodawca wysy\u0142a pracownik\u00f3w w podr\u00f3\u017c s\u0142u\u017cbow\u0105, jest zobowi\u0105zany do kompensacji wydatk\u00f3w na wy\u017cywienie za ka\u017cdy dzie\u0144 przebywania na delegacji. Musi wyp\u0142aca\u0107 tzw. <strong>diety<\/strong>, kt\u00f3re <strong>s\u0105 wyr\u00f3wnaniem zwi\u0119kszonych wydatk\u00f3w na wy\u017cywienie<\/strong> &ndash; np. w restauracji, gdzie na co dzie\u0144 nie jadamy. Nie s\u0105 zwrotem ca\u0142o\u015bci wydatk\u00f3w zwi\u0105zanych z wy\u017cywieniem na delegacji, co wynika z prostej logiki &ndash; podczas wykonywanie swoich obowi\u0105zk\u00f3w na miejscu, pracownik r\u00f3wnie\u017c jada, ale wtedy nie otrzymuje zwrotu pieni\u0119dzy. Jednocze\u015bnie wyp\u0142acanie diet nie jest zwi\u0105zane z tym, czy pracownik rzeczywi\u015bcie na delegacji jada\u0142 czy nie, czy jedzenie by\u0142o przygotowane w lokalu gastronomicznym czy samodzielnie.<\/p>\n<p><strong>Diety s\u0105 stanowione rycza\u0142tem uzale\u017cnionym od czasu trwania wyjazdu s\u0142u\u017cbowego. <\/strong>Dlatego te\u017c <strong>nie jest wymagane od pracownika przedstawianie wydatk\u00f3w na jedzenie<\/strong>. Co wi\u0119cej, w zale\u017cno\u015bci od rozwoju cen, wysoko\u015b\u0107 stawek mo\u017ce ulec zmianie, je\u015bli dane czeskiego urz\u0119du statystycznego wyka\u017c\u0105 wzrost lub spadek cen przynajmniej o 20%.<\/p>\n<p>Dla pracownik\u00f3w sektora publicznego s\u0105 stanowione granice g\u00f3rne i dolne. Dla pracownik\u00f3w sektora prywatnego s\u0105 przewidziane jedynie dolne granice. <strong>Pracodawca nie mo\u017ce wi\u0119c wyp\u0142aca\u0107 diet ni\u017cszych, ni\u017c okre\u015blone w prawie, mo\u017ce je jednak dowolnie podwy\u017cszy\u0107<\/strong>. W takiej sytuacji <strong>suma przewy\u017cszaj\u0105ca g\u00f3rn\u0105 granic\u0119 okre\u015blon\u0105 dla sektora publicznego nie jest wliczana do koszt\u00f3w obni\u017caj\u0105cych podstaw\u0119 opodatkowania.<\/strong><\/p>\n<p>&nbsp;<\/p>\n<h4>Dzienne stawki diet wygl\u0105daj\u0105 nast\u0119puj\u0105co:<\/h4>\n<h4>&nbsp;<\/h4>\n<p style=\"margin-left:35.4pt;\"><strong>78 CZK<\/strong> (dla pracownik\u00f3w sektora publicznego jest to maksymalnie 93 CZK), je\u015bli wyjazd s\u0142u\u017cbowy trwa <strong>5 &ndash; 12 godzin<\/strong>;<\/p>\n<p style=\"margin-left:35.4pt;\"><strong>119 CZK<\/strong> (dla pracownik\u00f3w sektora publicznego jest to maksymalnie 143 CZK), je\u015bli wyjazd s\u0142u\u017cbowy trwa <strong>12 &ndash; 18 godzin<\/strong>;<\/p>\n<p style=\"margin-left:35.4pt;\"><strong>186 CZK<\/strong> (dla pracownik\u00f3w sektora publicznego jest to maksymalnie 223 CZK), je\u015bli wyjazd s\u0142u\u017cbowy trwa <strong>ponad 18 godzin<\/strong>.<\/p>\n<p>&nbsp;<\/p>\n<p>W podr\u00f3\u017cy s\u0142u\u017cbowej, kt\u00f3ra przypada na dwa dni kalendarzowe nast\u0119puj\u0105ce po sobie, odst\u0119puje si\u0119 od oddzielnego okre\u015blania czasu trwania podr\u00f3\u017cy s\u0142u\u017cbowej, je\u015bli jest dla pracownika korzystniejsze.<\/p>\n<p>&nbsp;<\/p>\n<p><strong>Zapewnienie pracownikowi bezp\u0142atnych posi\u0142k\u00f3w<\/strong>, kt\u00f3re maj\u0105 charakter \u015bniadania, obiadu lub kolacji, <strong>powoduje zmniejszenie nale\u017cnej diety o<\/strong>:<\/p>\n<p style=\"margin-left:35.4pt;\"><strong>70%<\/strong>, je\u015bli delegacja trwa <strong>5 &ndash; 12 godzin<\/strong>;<\/p>\n<p style=\"margin-left:35.4pt;\"><strong>35%<\/strong>, je\u015bli delegacja trwa <strong>12 &ndash; 18 godzin<\/strong>;<\/p>\n<p style=\"margin-left:35.4pt;\"><strong>25%<\/strong>, je\u015bli delegacja trwa <strong>ponad 18 godzin<\/strong>.<\/p>\n<p>&nbsp;<\/p>\n<p><strong>Dalej diety nie przys\u0142uguj\u0105 w og\u00f3le, je\u015bli delegacja trwa\u0142a<\/strong>:<\/p>\n<p>5 &ndash; 12 godzin i by\u0142y zapewnione 2 bezp\u0142atne posi\u0142ki;<\/p>\n<p>12 &ndash; 18 godzin i by\u0142y zapewnione 3 bezp\u0142atne posi\u0142ki.<\/p>\n<p>&nbsp;<\/p>\n<p>Oczywi\u015bcie w przypadku delegacji trwaj\u0105cych kilka dni pracodawca musi dodatkowo zapewni\u0107 nocleg lub pokry\u0107 jego&nbsp; koszty.<\/p>\n<p>&nbsp;<\/p>\n<h3><strong>Delegacja zagraniczna<\/strong><\/h3>\n<p>Planuj\u0105c zagraniczn\u0105 podr\u00f3\u017c s\u0142u\u017cbow\u0105, pracodawca musi pami\u0119ta\u0107 o tym, \u017ce <strong>pracownikowi przys\u0142uguj\u0105 wy\u017csze diety<\/strong>. Stawki r\u00f3\u017cni\u0105 si\u0119 w zale\u017cno\u015bci od kraju i s\u0105 okre\u015blane w obcej walucie. Je\u015bli pracownik sobie tego \u017cyczy, nale\u017cy mu wyp\u0142aci\u0107 diety w koronach czeskich, kieruj\u0105c si\u0119 kursem Narodowego Banku Czech (\u010cNB).<\/p>\n<p><strong>Prawo do diety przys\u0142uguje od momentu przekroczenia granicy Czech lub od momentu startu samolotu.<\/strong> Mo\u017ce si\u0119 zdarzy\u0107, ze w ci\u0105gu jednego dnia pracownik przejedzie kilka kraj\u00f3w. Stawka diety jest zale\u017cna od&nbsp; tego, w kt\u00f3rym kraju przebywa\u0142 najd\u0142u\u017cej.<\/p>\n<p>&nbsp;<\/p>\n<p><strong>Diety ulegaj\u0105 obni\u017ceniu, gdy podr\u00f3\u017c zagraniczna trwa nieca\u0142y dzie\u0144<\/strong>:<\/p>\n<p style=\"margin-left:35.4pt;\">Je\u015bli pracownik sp\u0119dzi\u0142 za granic\u0105 <strong>od 1 do 12 godzin, przys\u0142uguje 1\/3 diety<\/strong>;<\/p>\n<p style=\"margin-left:35.4pt;\">Je\u015bli pracownik sp\u0119dzi\u0142 za granic\u0105 <strong>od 12 do 18 godzin, przys\u0142uguje 2\/3 diety<\/strong>;<\/p>\n<p style=\"margin-left:35.4pt;\">Je\u015bli pracownik sp\u0119dzi\u0142 za granic\u0105 <strong>ponad 18 godzin, przys\u0142uguje 100% diety<\/strong>;<\/p>\n<p style=\"margin-left:35.4pt;\">&nbsp;<\/p>\n<p><strong>Dalej diety ulegaj\u0105 obni\u017ceniu, je\u015bli pracownik mia\u0142 zapewnione bezp\u0142atne posi\u0142ki<\/strong>. Ich wysoko\u015b\u0107 wylicza si\u0119 w taki sam spos\u00f3b, jak opisany powy\u017cej.<\/p>\n<p><strong>Pracodawca mo\u017ce r\u00f3wnie\u017c z w\u0142asnej woli zaproponowa\u0107 delegowanemu &bdquo;kieszonkowe&rdquo;. Je\u015bli nie przekracza ono 40% diety, mo\u017ce zosta\u0107 wliczone do koszt\u00f3w<\/strong>.<\/p>\n<p>&nbsp;<\/p>\n<h3><strong>Podr\u00f3\u017c samochodem <\/strong><\/h3>\n<p>Je\u015bli pracodawca wysy\u0142a pracownika w podr\u00f3\u017c s\u0142u\u017cbow\u0105 samochodem, musi zrekompensowa\u0107 koszty paliwa. <strong>Zwrot koszt\u00f3w paliwa wylicza si\u0119 na podstawie dowod\u00f3w<\/strong><strong> zakupu <\/strong>przedstawionych&nbsp;przez pracownika, z&nbsp;kt\u00f3rych jasno wyp\u0142ywa zwi\u0105zek z&nbsp;podr\u00f3\u017c\u0105 s\u0142u\u017cbow\u0105,<strong> lub w oparciu o rycza\u0142t<\/strong> okre\u015blony w rozporz\u0105dzeniu czeskiego Ministerstwa Pracy i Spraw Spo\u0142ecznych, <strong>kt\u00f3ry bazuje na \u015bredniej cenie paliw<\/strong>.<\/p>\n<p>&nbsp;<\/p>\n<h4><strong>Za 1l paliwa w 2018r. jest to: <\/strong><\/h4>\n<p style=\"margin-left:35.4pt;\"><strong>30,50 CZK<\/strong> w przypadku benzyny <strong>95<\/strong>,<\/p>\n<p style=\"margin-left:35.4pt;\"><strong>32,80 CZK<\/strong> w przypadku benzyny <strong>98<\/strong>,<\/p>\n<p style=\"margin-left:35.4pt;\"><strong>29,80 CZK<\/strong> w przypadku <strong>Diesla<\/strong>.<\/p>\n<p style=\"margin-left:35.4pt;\">&nbsp;<\/p>\n<p>Pracodawca mo\u017ce si\u0119 r\u00f3wnie\u017c zgodzi\u0107 na to, aby pracownik uda\u0142 si\u0119 w podr\u00f3\u017c s\u0142u\u017cbow\u0105 w\u0142asnym lub wypo\u017cyczonym samochodem<strong>. Dodatkowo musi wtedy pokry\u0107 koszty amortyzacji. <\/strong>Podstawowa <strong>stawka za 1 km przebiegu <\/strong><strong>pojazd\u00f3w motorowych <\/strong><strong>dwu- i tr\u00f3jko\u0142owych wynosi minimalnie 1,10 CZK, w przypadku samochod\u00f3w osobowych &ndash; 4 CZ<\/strong>.<\/p>\n<p><strong>Wa\u017cne jest to, aby pojazd by\u0142 zarejestrowany w Czechach i mia\u0142 dokumenty, kt\u00f3re spe\u0142niaj\u0105 wymogi czeskiego prawa.<\/strong><\/p>\n","protected":false},"excerpt":{"rendered":"<p>Z jakimi kosztami nale\u017cy si\u0119 liczy\u0107, wysy\u0142aj\u0105c pracownika w podr\u00f3\u017c s\u0142u\u017cbow\u0105? Czy diety oraz wydatki na paliwo czy amortyzacj\u0119 samochodu mo\u017cna wliczy\u0107 do koszt\u00f3w?<\/p>\n","protected":false},"author":1,"featured_media":773,"comment_status":"open","ping_status":"open","sticky":false,"template":"","format":"standard","meta":{"footnotes":""},"categories":[23],"tags":[60,120,52,54],"acf":[],"yoast_head":"<!-- This site is optimized with the Yoast SEO Premium plugin v22.7 (Yoast SEO v22.7) - https:\/\/yoast.com\/wordpress\/plugins\/seo\/ -->\n<title>Rozliczanie delegacji pracownik\u00f3w - Czechy Biznes Expert<\/title>\n<meta name=\"robots\" content=\"index, follow, max-snippet:-1, max-image-preview:large, max-video-preview:-1\" \/>\n<link rel=\"canonical\" href=\"https:\/\/czechybiznes.expert\/informacje\/rozliczanie-delegacji-pracownik-w\/\" \/>\n<meta property=\"og:locale\" content=\"pl_PL\" \/>\n<meta property=\"og:type\" content=\"article\" \/>\n<meta property=\"og:title\" content=\"Rozliczanie delegacji pracownik\u00f3w\" \/>\n<meta property=\"og:description\" content=\"Z jakimi kosztami nale\u017cy si\u0119 liczy\u0107, wysy\u0142aj\u0105c pracownika w podr\u00f3\u017c s\u0142u\u017cbow\u0105? Czy diety oraz wydatki na paliwo czy amortyzacj\u0119 samochodu mo\u017cna wliczy\u0107 do koszt\u00f3w?\" \/>\n<meta property=\"og:url\" content=\"https:\/\/czechybiznes.expert\/informacje\/rozliczanie-delegacji-pracownik-w\/\" \/>\n<meta property=\"og:site_name\" content=\"Czechy Biznes Expert\" \/>\n<meta property=\"article:published_time\" content=\"2018-06-15T14:44:43+00:00\" \/>\n<meta property=\"og:image\" content=\"https:\/\/czechybiznes.expert\/wp-content\/uploads\/sites\/8\/2025\/02\/ofnh3bfjwm8k.jpg\" \/>\n\t<meta property=\"og:image:width\" content=\"600\" \/>\n\t<meta property=\"og:image:height\" content=\"400\" \/>\n\t<meta property=\"og:image:type\" content=\"image\/jpeg\" \/>\n<meta name=\"author\" content=\"admin_cg\" \/>\n<meta name=\"twitter:card\" content=\"summary_large_image\" \/>\n<meta name=\"twitter:label1\" content=\"Napisane przez\" \/>\n\t<meta name=\"twitter:data1\" content=\"admin_cg\" \/>\n\t<meta name=\"twitter:label2\" content=\"Szacowany czas czytania\" \/>\n\t<meta name=\"twitter:data2\" content=\"4 minuty\" \/>\n<script type=\"application\/ld+json\" class=\"yoast-schema-graph\">{\"@context\":\"https:\/\/schema.org\",\"@graph\":[{\"@type\":\"WebPage\",\"@id\":\"https:\/\/czechybiznes.expert\/informacje\/rozliczanie-delegacji-pracownik-w\/\",\"url\":\"https:\/\/czechybiznes.expert\/informacje\/rozliczanie-delegacji-pracownik-w\/\",\"name\":\"Rozliczanie delegacji pracownik\u00f3w - Czechy Biznes Expert\",\"isPartOf\":{\"@id\":\"https:\/\/czechybiznes.expert\/informacje\/#website\"},\"primaryImageOfPage\":{\"@id\":\"https:\/\/czechybiznes.expert\/informacje\/rozliczanie-delegacji-pracownik-w\/#primaryimage\"},\"image\":{\"@id\":\"https:\/\/czechybiznes.expert\/informacje\/rozliczanie-delegacji-pracownik-w\/#primaryimage\"},\"thumbnailUrl\":\"https:\/\/czechybiznes.expert\/wp-content\/uploads\/sites\/8\/2025\/02\/ofnh3bfjwm8k.jpg\",\"datePublished\":\"2018-06-15T14:44:43+00:00\",\"dateModified\":\"2018-06-15T14:44:43+00:00\",\"author\":{\"@id\":\"https:\/\/czechybiznes.expert\/informacje\/#\/schema\/person\/fe95235fef56b7798afcc24f7b4e7888\"},\"breadcrumb\":{\"@id\":\"https:\/\/czechybiznes.expert\/informacje\/rozliczanie-delegacji-pracownik-w\/#breadcrumb\"},\"inLanguage\":\"pl-PL\",\"potentialAction\":[{\"@type\":\"ReadAction\",\"target\":[\"https:\/\/czechybiznes.expert\/informacje\/rozliczanie-delegacji-pracownik-w\/\"]}]},{\"@type\":\"ImageObject\",\"inLanguage\":\"pl-PL\",\"@id\":\"https:\/\/czechybiznes.expert\/informacje\/rozliczanie-delegacji-pracownik-w\/#primaryimage\",\"url\":\"https:\/\/czechybiznes.expert\/wp-content\/uploads\/sites\/8\/2025\/02\/ofnh3bfjwm8k.jpg\",\"contentUrl\":\"https:\/\/czechybiznes.expert\/wp-content\/uploads\/sites\/8\/2025\/02\/ofnh3bfjwm8k.jpg\",\"width\":600,\"height\":400},{\"@type\":\"BreadcrumbList\",\"@id\":\"https:\/\/czechybiznes.expert\/informacje\/rozliczanie-delegacji-pracownik-w\/#breadcrumb\",\"itemListElement\":[{\"@type\":\"ListItem\",\"position\":1,\"name\":\"Strona g\u0142\u00f3wna\",\"item\":\"https:\/\/czechybiznes.expert\/informacje\/\"},{\"@type\":\"ListItem\",\"position\":2,\"name\":\"Rozliczanie delegacji pracownik\u00f3w\"}]},{\"@type\":\"WebSite\",\"@id\":\"https:\/\/czechybiznes.expert\/informacje\/#website\",\"url\":\"https:\/\/czechybiznes.expert\/informacje\/\",\"name\":\"Czechy Biznes Expert\",\"description\":\"\",\"potentialAction\":[{\"@type\":\"SearchAction\",\"target\":{\"@type\":\"EntryPoint\",\"urlTemplate\":\"https:\/\/czechybiznes.expert\/informacje\/?s={search_term_string}\"},\"query-input\":\"required name=search_term_string\"}],\"inLanguage\":\"pl-PL\"},{\"@type\":\"Person\",\"@id\":\"https:\/\/czechybiznes.expert\/informacje\/#\/schema\/person\/fe95235fef56b7798afcc24f7b4e7888\",\"name\":\"admin_cg\",\"image\":{\"@type\":\"ImageObject\",\"inLanguage\":\"pl-PL\",\"@id\":\"https:\/\/czechybiznes.expert\/informacje\/#\/schema\/person\/image\/\",\"url\":\"https:\/\/secure.gravatar.com\/avatar\/9c58356ed41dabce206eb994d26b437b?s=96&d=mm&r=g\",\"contentUrl\":\"https:\/\/secure.gravatar.com\/avatar\/9c58356ed41dabce206eb994d26b437b?s=96&d=mm&r=g\",\"caption\":\"admin_cg\"},\"sameAs\":[\"http:\/\/grupafarkas.pl\"],\"url\":\"https:\/\/czechybiznes.expert\/informacje\/author\/admin_cg\/\"}]}<\/script>\n<!-- \/ Yoast SEO Premium plugin. -->","yoast_head_json":{"title":"Rozliczanie delegacji pracownik\u00f3w - Czechy Biznes Expert","robots":{"index":"index","follow":"follow","max-snippet":"max-snippet:-1","max-image-preview":"max-image-preview:large","max-video-preview":"max-video-preview:-1"},"canonical":"https:\/\/czechybiznes.expert\/informacje\/rozliczanie-delegacji-pracownik-w\/","og_locale":"pl_PL","og_type":"article","og_title":"Rozliczanie delegacji pracownik\u00f3w","og_description":"Z jakimi kosztami nale\u017cy si\u0119 liczy\u0107, wysy\u0142aj\u0105c pracownika w podr\u00f3\u017c s\u0142u\u017cbow\u0105? Czy diety oraz wydatki na paliwo czy amortyzacj\u0119 samochodu mo\u017cna wliczy\u0107 do koszt\u00f3w?","og_url":"https:\/\/czechybiznes.expert\/informacje\/rozliczanie-delegacji-pracownik-w\/","og_site_name":"Czechy Biznes Expert","article_published_time":"2018-06-15T14:44:43+00:00","og_image":[{"width":600,"height":400,"url":"https:\/\/czechybiznes.expert\/wp-content\/uploads\/sites\/8\/2025\/02\/ofnh3bfjwm8k.jpg","type":"image\/jpeg"}],"author":"admin_cg","twitter_card":"summary_large_image","twitter_misc":{"Napisane przez":"admin_cg","Szacowany czas czytania":"4 minuty"},"schema":{"@context":"https:\/\/schema.org","@graph":[{"@type":"WebPage","@id":"https:\/\/czechybiznes.expert\/informacje\/rozliczanie-delegacji-pracownik-w\/","url":"https:\/\/czechybiznes.expert\/informacje\/rozliczanie-delegacji-pracownik-w\/","name":"Rozliczanie delegacji pracownik\u00f3w - Czechy Biznes Expert","isPartOf":{"@id":"https:\/\/czechybiznes.expert\/informacje\/#website"},"primaryImageOfPage":{"@id":"https:\/\/czechybiznes.expert\/informacje\/rozliczanie-delegacji-pracownik-w\/#primaryimage"},"image":{"@id":"https:\/\/czechybiznes.expert\/informacje\/rozliczanie-delegacji-pracownik-w\/#primaryimage"},"thumbnailUrl":"https:\/\/czechybiznes.expert\/wp-content\/uploads\/sites\/8\/2025\/02\/ofnh3bfjwm8k.jpg","datePublished":"2018-06-15T14:44:43+00:00","dateModified":"2018-06-15T14:44:43+00:00","author":{"@id":"https:\/\/czechybiznes.expert\/informacje\/#\/schema\/person\/fe95235fef56b7798afcc24f7b4e7888"},"breadcrumb":{"@id":"https:\/\/czechybiznes.expert\/informacje\/rozliczanie-delegacji-pracownik-w\/#breadcrumb"},"inLanguage":"pl-PL","potentialAction":[{"@type":"ReadAction","target":["https:\/\/czechybiznes.expert\/informacje\/rozliczanie-delegacji-pracownik-w\/"]}]},{"@type":"ImageObject","inLanguage":"pl-PL","@id":"https:\/\/czechybiznes.expert\/informacje\/rozliczanie-delegacji-pracownik-w\/#primaryimage","url":"https:\/\/czechybiznes.expert\/wp-content\/uploads\/sites\/8\/2025\/02\/ofnh3bfjwm8k.jpg","contentUrl":"https:\/\/czechybiznes.expert\/wp-content\/uploads\/sites\/8\/2025\/02\/ofnh3bfjwm8k.jpg","width":600,"height":400},{"@type":"BreadcrumbList","@id":"https:\/\/czechybiznes.expert\/informacje\/rozliczanie-delegacji-pracownik-w\/#breadcrumb","itemListElement":[{"@type":"ListItem","position":1,"name":"Strona g\u0142\u00f3wna","item":"https:\/\/czechybiznes.expert\/informacje\/"},{"@type":"ListItem","position":2,"name":"Rozliczanie delegacji pracownik\u00f3w"}]},{"@type":"WebSite","@id":"https:\/\/czechybiznes.expert\/informacje\/#website","url":"https:\/\/czechybiznes.expert\/informacje\/","name":"Czechy Biznes Expert","description":"","potentialAction":[{"@type":"SearchAction","target":{"@type":"EntryPoint","urlTemplate":"https:\/\/czechybiznes.expert\/informacje\/?s={search_term_string}"},"query-input":"required name=search_term_string"}],"inLanguage":"pl-PL"},{"@type":"Person","@id":"https:\/\/czechybiznes.expert\/informacje\/#\/schema\/person\/fe95235fef56b7798afcc24f7b4e7888","name":"admin_cg","image":{"@type":"ImageObject","inLanguage":"pl-PL","@id":"https:\/\/czechybiznes.expert\/informacje\/#\/schema\/person\/image\/","url":"https:\/\/secure.gravatar.com\/avatar\/9c58356ed41dabce206eb994d26b437b?s=96&d=mm&r=g","contentUrl":"https:\/\/secure.gravatar.com\/avatar\/9c58356ed41dabce206eb994d26b437b?s=96&d=mm&r=g","caption":"admin_cg"},"sameAs":["http:\/\/grupafarkas.pl"],"url":"https:\/\/czechybiznes.expert\/informacje\/author\/admin_cg\/"}]}},"_links":{"self":[{"href":"https:\/\/czechybiznes.expert\/informacje\/wp-json\/wp\/v2\/posts\/772"}],"collection":[{"href":"https:\/\/czechybiznes.expert\/informacje\/wp-json\/wp\/v2\/posts"}],"about":[{"href":"https:\/\/czechybiznes.expert\/informacje\/wp-json\/wp\/v2\/types\/post"}],"author":[{"embeddable":true,"href":"https:\/\/czechybiznes.expert\/informacje\/wp-json\/wp\/v2\/users\/1"}],"replies":[{"embeddable":true,"href":"https:\/\/czechybiznes.expert\/informacje\/wp-json\/wp\/v2\/comments?post=772"}],"version-history":[{"count":0,"href":"https:\/\/czechybiznes.expert\/informacje\/wp-json\/wp\/v2\/posts\/772\/revisions"}],"wp:featuredmedia":[{"embeddable":true,"href":"https:\/\/czechybiznes.expert\/informacje\/wp-json\/wp\/v2\/media\/773"}],"wp:attachment":[{"href":"https:\/\/czechybiznes.expert\/informacje\/wp-json\/wp\/v2\/media?parent=772"}],"wp:term":[{"taxonomy":"category","embeddable":true,"href":"https:\/\/czechybiznes.expert\/informacje\/wp-json\/wp\/v2\/categories?post=772"},{"taxonomy":"post_tag","embeddable":true,"href":"https:\/\/czechybiznes.expert\/informacje\/wp-json\/wp\/v2\/tags?post=772"}],"curies":[{"name":"wp","href":"https:\/\/api.w.org\/{rel}","templated":true}]}}