{"id":690,"date":"2018-01-04T09:47:01","date_gmt":"2018-01-04T08:47:01","guid":{"rendered":"https:\/\/czechybiznes.expert\/zarz-d-spos-b-reprezentacji\/"},"modified":"2025-02-22T10:48:31","modified_gmt":"2025-02-22T09:48:31","slug":"zarz-d-spos-b-reprezentacji","status":"publish","type":"post","link":"https:\/\/czechybiznes.expert\/informacje\/zarz-d-spos-b-reprezentacji\/","title":{"rendered":"Zarz\u0105d &#8211; spos\u00f3b reprezentacji"},"content":{"rendered":"<h3>Organy sp\u00f3\u0142ki s.r.o.<\/h3>\n<p>Najwy\u017cszym organem s.r.o. jest tzw. <em>Valn\u00e1 hromada<\/em>, a wi\u0119c<strong> Zgromadzenie Wsp\u00f3lnik\u00f3w<\/strong>. Jest organem kolektywnym, kt\u00f3ry podejmuje decyzje wsp\u00f3lnie w g\u0142osowaniu. Wsp\u00f3lnicy maj\u0105 wy\u0142\u0105czne prawo do podejmowania decyzji dotycz\u0105cych zmiany statutu, podwy\u017cszenia&nbsp;lub obni\u017cenia kapita\u0142u zak\u0142adowego, zatwierdzenia<a href=\"https:\/\/czechybiznes.expert\/wpis\/127\">&nbsp;sprawozdania finansowego<\/a>, powo\u0142ywania&nbsp;i odwo\u0142ywania&nbsp;cz\u0142onk\u00f3w rady nadzorczej oraz Zarz\u0105du.<\/p>\n<p>Organem kontrolnym, fakultatywnym w przypadku s.r.o. i tworzonym jedynie poprzez zapis w umowie sp\u00f3\u0142ki, jest <strong>rada nadzorcza<\/strong> (<em>dozor\u010d\u00ed rada<\/em>). Jej zadaniem jest kontrola dzia\u0142alno\u015bci Zarz\u0105du, kontrola ksi\u0105g rachunkowych, rejestr\u00f3w i innych podsumowa\u0144 finansowych itp. Cz\u0142onkowie rady mog\u0105 uczestniczy\u0107 w Zgromadzeniach Wsp\u00f3lnik\u00f3w i je\u015bli wymaga tego interes sp\u00f3\u0142ki, mog\u0105 takie spotkania r\u00f3wnie\u017c zwo\u0142ywa\u0107. Nie mog\u0105 jednak pe\u0142ni\u0107 funkcji cz\u0142onka Zarz\u0105du.<\/p>\n<p><strong>Statutowym organem sp\u00f3\u0142ki s.r.o jest ka\u017cdy z cz\u0142onk\u00f3w Zarz\u0105du<\/strong>. Umowa sp\u00f3\u0142ki mo\u017ce okre\u015bla\u0107, \u017ce cz\u0142onkowie Zarz\u0105du tworz\u0105 organ kolektywny. Je\u015bli tego nie robi, ka\u017cdy z cz\u0142onk\u00f3w Zarz\u0105du ma prawo indywidualnie reprezentowa\u0107 sp\u00f3\u0142k\u0119.<\/p>\n<p>&nbsp;<\/p>\n<h3>Obowi\u0105zki Zarz\u0105du<\/h3>\n<p>Obowi\u0105zkiem Zarz\u0105du jest <strong>prowadzenie bie\u017c\u0105cych spraw sp\u00f3\u0142ki <\/strong>oraz jej <strong>reprezentowanie <\/strong>w czynno\u015bciach prawnych.<\/p>\n<p>Prowadzenie bie\u017c\u0105cych spraw sp\u00f3\u0142ki to organizacja przedsi\u0119biorstwa i kierowanie nim, kierowanie pracownikami, decydowanie o kwestiach operacyjnych, czyli np. o zaopatrzeniu, zbycie, reklamie, ksi\u0119gowo\u015bci, jak r\u00f3wnie\u017c decydowanie o biznesplanie.&nbsp;Reprezentowanie sp\u00f3\u0142ki w czynno\u015bciach prawnych oznacza podejmowanie tych czynno\u015bci w jej imieniu.<\/p>\n<p><strong>Prowadzenie i reprezentowanie sp\u00f3\u0142ki s\u0105 wy\u0142\u0105cznymi obowi\u0105zkami organu statutowego<\/strong>. Prawa takiego nie maj\u0105 wsp\u00f3lnicy ani cz\u0142onkowie rady nadzorczej.<\/p>\n<p><strong>Cz\u0142onkowie Zarz\u0105du mog\u0105 si\u0119 zwr\u00f3ci\u0107 do Zgromadzenia Wsp\u00f3lnik\u00f3w z pro\u015bb\u0105 o udzielenie instrukcji <\/strong>dotycz\u0105cych zarz\u0105dzania firm\u0105, czy te\u017c wyznaczenie zada\u0144 zwi\u0105zanych z prowadzeniem bie\u017c\u0105cych spraw sp\u00f3\u0142ki. Jest to nowo\u015b\u0107, kt\u00f3ra pojawi\u0142a si\u0119 w czeskim prawie w roku 2014. Do tej pory mo\u017cliwe by\u0142y jedynie instrukcje strategiczne. Cz\u0142onkowie Zarz\u0105du nie zbywaj\u0105 si\u0119 jednak w ten spos\u00f3b <a href=\"https:\/\/czechybiznes.expert\/wpis\/128\">odpowiedzialno\u015bci za wykonywanie swych obowi\u0105zk\u00f3w z nale\u017cyt\u0105 staranno\u015bci\u0105<\/a>.<\/p>\n<p>&nbsp;<\/p>\n<h3>Zarz\u0105d kolektywny a niekolektywny<\/h3>\n<h3>&nbsp;<\/h3>\n<p><strong>1. Spos\u00f3b reprezentacji (dzia\u0142ania &bdquo;zewn\u0119trzne&rdquo;):<\/strong><\/p>\n<p style=\"margin-left: 40px;\">a) Zarz\u0105d jako organ niekolektywny: Ka\u017cdy z&nbsp;cz\u0142onk\u00f3w Zarz\u0105du jest samodzielnym organem statutowym<strong>, co oznacza, \u017ce mo\u017ce samodzielnie reprezentowa\u0107 sp\u00f3\u0142k\u0119 w czynno\u015bciach prawnych.<\/strong><\/p>\n<p style=\"margin-left: 40px;\">b) Zarz\u0105d jako organ kolektywny: Je\u015bli Zarz\u0105d jest okre\u015blony przez umow\u0119 sp\u00f3\u0142ki jako organ kolektywny, ale<strong> umowa nie precyzuje sposobu reprezentacji, przyjmuje si\u0119, \u017ce ka\u017cdy z cz\u0142onk\u00f3w Zarz\u0105du reprezentuje firm\u0119 samodzielnie<\/strong> we wszystkich czynno\u015bciach prawnych.<\/p>\n<p style=\"margin-left: 40px;\">Umowa mo\u017ce r\u00f3wnie\u017c okre\u015bli\u0107 <strong>spos\u00f3b reprezentacji jako wsp\u00f3lny<\/strong>, wtedy cz\u0142onkowie Zarz\u0105du reprezentuj\u0105 firm\u0119 wsp\u00f3lnie. Samodzielna reprezentacja jest w takim przypadku mo\u017cliwa jedynie w oparciu o pe\u0142nomocnictwo do reprezentowania sp\u00f3\u0142ki w konkretnej czynno\u015bci prawnej.<\/p>\n<p style=\"margin-left: 40px;\">W sytuacji, w kt\u00f3rej nie s\u0105 dost\u0119pni cz\u0142onkowie Zarz\u0105du, a wsp\u00f3lnicy trwaj\u0105 przy tym, aby w imieniu sp\u00f3\u0142ki dzia\u0142a\u0142y przynajmniej dwie osoby, <strong>firm\u0119 mog\u0105 wsp\u00f3lnie reprezentowa\u0107 cz\u0142onek Zarz\u0105du z <a href=\"https:\/\/czechybiznes.expert\/wpis\/125\">prokurentem<\/a><\/strong>.<\/p>\n<p>&nbsp;<\/p>\n<p><strong>2.&nbsp;<\/strong><strong>Podejmowanie decyzji (dzia\u0142ania &bdquo;wewn\u0119trzne&rdquo;):<\/strong><br \/>\n&nbsp;<\/p>\n<p style=\"margin-left: 40px;\">a) Zarz\u0105d jako organ niekolektywny: W przypadku decyzji dotycz\u0105cych prowadzenia bie\u017c\u0105cych spraw firmy <strong>potrzebna jest wi\u0119kszo\u015b\u0107 g\u0142os\u00f3w wszystkich cz\u0142onk\u00f3w.<\/strong><\/p>\n<p style=\"margin-left: 40px;\">b) Zarz\u0105d jako organ kolektywny: Decyzje dotycz\u0105ce prowadzenia bie\u017c\u0105cych spraw sp\u00f3\u0142ki podejmowane s\u0105 <strong>na zebraniach, na kt\u00f3rych musi by\u0107 obecna wi\u0119kszo\u015b\u0107 cz\u0142onk\u00f3w<\/strong> Zarz\u0105du. Umowa sp\u00f3\u0142ki mo\u017ce te\u017c okre\u015bla\u0107 inne wymogi co do liczby obecnych. <strong>Decyzje wymagaj\u0105 wi\u0119kszo\u015bci g\u0142os\u00f3w obecnych<\/strong>. Ka\u017cdy ma jeden g\u0142os.<\/p>\n<p style=\"margin-left: 40px;\">W przypadku organ\u00f3w kolektywnych, cz\u0142onkowie Zarz\u0105du <strong>wybieraj\u0105 prezesa<\/strong>, kt\u00f3rego g\u0142os w sytuacjach spornych jest przewa\u017caj\u0105cy, chyba \u017ce umowa sp\u00f3\u0142ki stanowi inaczej.<\/p>\n<p style=\"margin-left: 40px;\">Umowa sp\u00f3\u0142ki wyznacza te\u017c <strong>cz\u0142onka Zarz\u0105du, kt\u00f3ry b\u0119dzie si\u0119 zajmowa\u0142 sprawami zwi\u0105zanymi z pracownikami sp\u00f3\u0142ki<\/strong>. Je\u015bli jednak umowa sp\u00f3\u0142ki nie okre\u015bla, kto ma tak\u0105 funkcj\u0119 pe\u0142ni\u0107, wykonuje j\u0105 Prezes Zarz\u0105du.&nbsp;<\/p>\n","protected":false},"excerpt":{"rendered":"<p>Decyduj\u0105c si\u0119 na za\u0142o\u017cenie s.r.o., warto wiedzie\u0107 w jakie prawa i obowi\u0105zki ma organ statutowy oraz w jaki spos\u00f3b mo\u017ce je realizowa\u0107.<\/p>\n","protected":false},"author":1,"featured_media":745,"comment_status":"open","ping_status":"open","sticky":false,"template":"","format":"standard","meta":{"footnotes":""},"categories":[23],"tags":[15],"acf":[],"yoast_head":"<!-- This site is optimized with the Yoast SEO Premium plugin v22.7 (Yoast SEO v22.7) - https:\/\/yoast.com\/wordpress\/plugins\/seo\/ -->\n<title>Zarz\u0105d - spos\u00f3b reprezentacji - Czechy Biznes Expert<\/title>\n<meta name=\"robots\" content=\"index, follow, max-snippet:-1, max-image-preview:large, max-video-preview:-1\" \/>\n<link rel=\"canonical\" href=\"https:\/\/czechybiznes.expert\/informacje\/zarz-d-spos-b-reprezentacji\/\" \/>\n<meta property=\"og:locale\" content=\"pl_PL\" \/>\n<meta property=\"og:type\" content=\"article\" \/>\n<meta property=\"og:title\" content=\"Zarz\u0105d - spos\u00f3b reprezentacji\" \/>\n<meta property=\"og:description\" content=\"Decyduj\u0105c si\u0119 na za\u0142o\u017cenie s.r.o., warto wiedzie\u0107 w jakie prawa i obowi\u0105zki ma organ statutowy oraz w jaki spos\u00f3b mo\u017ce je realizowa\u0107.\" \/>\n<meta property=\"og:url\" content=\"https:\/\/czechybiznes.expert\/informacje\/zarz-d-spos-b-reprezentacji\/\" \/>\n<meta property=\"og:site_name\" content=\"Czechy Biznes Expert\" \/>\n<meta property=\"article:published_time\" content=\"2018-01-04T08:47:01+00:00\" \/>\n<meta property=\"article:modified_time\" content=\"2025-02-22T09:48:31+00:00\" \/>\n<meta property=\"og:image\" content=\"https:\/\/czechybiznes.expert\/wp-content\/uploads\/sites\/8\/2025\/02\/sx3huim21y8k.jpg\" \/>\n\t<meta property=\"og:image:width\" content=\"600\" \/>\n\t<meta property=\"og:image:height\" content=\"344\" \/>\n\t<meta property=\"og:image:type\" content=\"image\/jpeg\" \/>\n<meta name=\"author\" content=\"admin_cg\" \/>\n<meta name=\"twitter:card\" content=\"summary_large_image\" \/>\n<meta name=\"twitter:label1\" content=\"Napisane przez\" \/>\n\t<meta name=\"twitter:data1\" content=\"admin_cg\" \/>\n\t<meta name=\"twitter:label2\" content=\"Szacowany czas czytania\" \/>\n\t<meta name=\"twitter:data2\" content=\"4 minuty\" \/>\n<script type=\"application\/ld+json\" class=\"yoast-schema-graph\">{\"@context\":\"https:\/\/schema.org\",\"@graph\":[{\"@type\":\"WebPage\",\"@id\":\"https:\/\/czechybiznes.expert\/informacje\/zarz-d-spos-b-reprezentacji\/\",\"url\":\"https:\/\/czechybiznes.expert\/informacje\/zarz-d-spos-b-reprezentacji\/\",\"name\":\"Zarz\u0105d - spos\u00f3b reprezentacji - Czechy Biznes Expert\",\"isPartOf\":{\"@id\":\"https:\/\/czechybiznes.expert\/informacje\/#website\"},\"primaryImageOfPage\":{\"@id\":\"https:\/\/czechybiznes.expert\/informacje\/zarz-d-spos-b-reprezentacji\/#primaryimage\"},\"image\":{\"@id\":\"https:\/\/czechybiznes.expert\/informacje\/zarz-d-spos-b-reprezentacji\/#primaryimage\"},\"thumbnailUrl\":\"https:\/\/czechybiznes.expert\/wp-content\/uploads\/sites\/8\/2025\/02\/sx3huim21y8k.jpg\",\"datePublished\":\"2018-01-04T08:47:01+00:00\",\"dateModified\":\"2025-02-22T09:48:31+00:00\",\"author\":{\"@id\":\"https:\/\/czechybiznes.expert\/informacje\/#\/schema\/person\/fe95235fef56b7798afcc24f7b4e7888\"},\"breadcrumb\":{\"@id\":\"https:\/\/czechybiznes.expert\/informacje\/zarz-d-spos-b-reprezentacji\/#breadcrumb\"},\"inLanguage\":\"pl-PL\",\"potentialAction\":[{\"@type\":\"ReadAction\",\"target\":[\"https:\/\/czechybiznes.expert\/informacje\/zarz-d-spos-b-reprezentacji\/\"]}]},{\"@type\":\"ImageObject\",\"inLanguage\":\"pl-PL\",\"@id\":\"https:\/\/czechybiznes.expert\/informacje\/zarz-d-spos-b-reprezentacji\/#primaryimage\",\"url\":\"https:\/\/czechybiznes.expert\/wp-content\/uploads\/sites\/8\/2025\/02\/sx3huim21y8k.jpg\",\"contentUrl\":\"https:\/\/czechybiznes.expert\/wp-content\/uploads\/sites\/8\/2025\/02\/sx3huim21y8k.jpg\",\"width\":600,\"height\":344},{\"@type\":\"BreadcrumbList\",\"@id\":\"https:\/\/czechybiznes.expert\/informacje\/zarz-d-spos-b-reprezentacji\/#breadcrumb\",\"itemListElement\":[{\"@type\":\"ListItem\",\"position\":1,\"name\":\"Strona g\u0142\u00f3wna\",\"item\":\"https:\/\/czechybiznes.expert\/informacje\/\"},{\"@type\":\"ListItem\",\"position\":2,\"name\":\"Zarz\u0105d &#8211; spos\u00f3b reprezentacji\"}]},{\"@type\":\"WebSite\",\"@id\":\"https:\/\/czechybiznes.expert\/informacje\/#website\",\"url\":\"https:\/\/czechybiznes.expert\/informacje\/\",\"name\":\"Czechy Biznes Expert\",\"description\":\"\",\"potentialAction\":[{\"@type\":\"SearchAction\",\"target\":{\"@type\":\"EntryPoint\",\"urlTemplate\":\"https:\/\/czechybiznes.expert\/informacje\/?s={search_term_string}\"},\"query-input\":\"required name=search_term_string\"}],\"inLanguage\":\"pl-PL\"},{\"@type\":\"Person\",\"@id\":\"https:\/\/czechybiznes.expert\/informacje\/#\/schema\/person\/fe95235fef56b7798afcc24f7b4e7888\",\"name\":\"admin_cg\",\"image\":{\"@type\":\"ImageObject\",\"inLanguage\":\"pl-PL\",\"@id\":\"https:\/\/czechybiznes.expert\/informacje\/#\/schema\/person\/image\/\",\"url\":\"https:\/\/secure.gravatar.com\/avatar\/9c58356ed41dabce206eb994d26b437b?s=96&d=mm&r=g\",\"contentUrl\":\"https:\/\/secure.gravatar.com\/avatar\/9c58356ed41dabce206eb994d26b437b?s=96&d=mm&r=g\",\"caption\":\"admin_cg\"},\"sameAs\":[\"http:\/\/grupafarkas.pl\"],\"url\":\"https:\/\/czechybiznes.expert\/informacje\/author\/admin_cg\/\"}]}<\/script>\n<!-- \/ Yoast SEO Premium plugin. -->","yoast_head_json":{"title":"Zarz\u0105d - spos\u00f3b reprezentacji - Czechy Biznes Expert","robots":{"index":"index","follow":"follow","max-snippet":"max-snippet:-1","max-image-preview":"max-image-preview:large","max-video-preview":"max-video-preview:-1"},"canonical":"https:\/\/czechybiznes.expert\/informacje\/zarz-d-spos-b-reprezentacji\/","og_locale":"pl_PL","og_type":"article","og_title":"Zarz\u0105d - spos\u00f3b reprezentacji","og_description":"Decyduj\u0105c si\u0119 na za\u0142o\u017cenie s.r.o., warto wiedzie\u0107 w jakie prawa i obowi\u0105zki ma organ statutowy oraz w jaki spos\u00f3b mo\u017ce je realizowa\u0107.","og_url":"https:\/\/czechybiznes.expert\/informacje\/zarz-d-spos-b-reprezentacji\/","og_site_name":"Czechy Biznes Expert","article_published_time":"2018-01-04T08:47:01+00:00","article_modified_time":"2025-02-22T09:48:31+00:00","og_image":[{"width":600,"height":344,"url":"https:\/\/czechybiznes.expert\/wp-content\/uploads\/sites\/8\/2025\/02\/sx3huim21y8k.jpg","type":"image\/jpeg"}],"author":"admin_cg","twitter_card":"summary_large_image","twitter_misc":{"Napisane przez":"admin_cg","Szacowany czas czytania":"4 minuty"},"schema":{"@context":"https:\/\/schema.org","@graph":[{"@type":"WebPage","@id":"https:\/\/czechybiznes.expert\/informacje\/zarz-d-spos-b-reprezentacji\/","url":"https:\/\/czechybiznes.expert\/informacje\/zarz-d-spos-b-reprezentacji\/","name":"Zarz\u0105d - spos\u00f3b reprezentacji - Czechy Biznes Expert","isPartOf":{"@id":"https:\/\/czechybiznes.expert\/informacje\/#website"},"primaryImageOfPage":{"@id":"https:\/\/czechybiznes.expert\/informacje\/zarz-d-spos-b-reprezentacji\/#primaryimage"},"image":{"@id":"https:\/\/czechybiznes.expert\/informacje\/zarz-d-spos-b-reprezentacji\/#primaryimage"},"thumbnailUrl":"https:\/\/czechybiznes.expert\/wp-content\/uploads\/sites\/8\/2025\/02\/sx3huim21y8k.jpg","datePublished":"2018-01-04T08:47:01+00:00","dateModified":"2025-02-22T09:48:31+00:00","author":{"@id":"https:\/\/czechybiznes.expert\/informacje\/#\/schema\/person\/fe95235fef56b7798afcc24f7b4e7888"},"breadcrumb":{"@id":"https:\/\/czechybiznes.expert\/informacje\/zarz-d-spos-b-reprezentacji\/#breadcrumb"},"inLanguage":"pl-PL","potentialAction":[{"@type":"ReadAction","target":["https:\/\/czechybiznes.expert\/informacje\/zarz-d-spos-b-reprezentacji\/"]}]},{"@type":"ImageObject","inLanguage":"pl-PL","@id":"https:\/\/czechybiznes.expert\/informacje\/zarz-d-spos-b-reprezentacji\/#primaryimage","url":"https:\/\/czechybiznes.expert\/wp-content\/uploads\/sites\/8\/2025\/02\/sx3huim21y8k.jpg","contentUrl":"https:\/\/czechybiznes.expert\/wp-content\/uploads\/sites\/8\/2025\/02\/sx3huim21y8k.jpg","width":600,"height":344},{"@type":"BreadcrumbList","@id":"https:\/\/czechybiznes.expert\/informacje\/zarz-d-spos-b-reprezentacji\/#breadcrumb","itemListElement":[{"@type":"ListItem","position":1,"name":"Strona g\u0142\u00f3wna","item":"https:\/\/czechybiznes.expert\/informacje\/"},{"@type":"ListItem","position":2,"name":"Zarz\u0105d &#8211; spos\u00f3b reprezentacji"}]},{"@type":"WebSite","@id":"https:\/\/czechybiznes.expert\/informacje\/#website","url":"https:\/\/czechybiznes.expert\/informacje\/","name":"Czechy Biznes Expert","description":"","potentialAction":[{"@type":"SearchAction","target":{"@type":"EntryPoint","urlTemplate":"https:\/\/czechybiznes.expert\/informacje\/?s={search_term_string}"},"query-input":"required name=search_term_string"}],"inLanguage":"pl-PL"},{"@type":"Person","@id":"https:\/\/czechybiznes.expert\/informacje\/#\/schema\/person\/fe95235fef56b7798afcc24f7b4e7888","name":"admin_cg","image":{"@type":"ImageObject","inLanguage":"pl-PL","@id":"https:\/\/czechybiznes.expert\/informacje\/#\/schema\/person\/image\/","url":"https:\/\/secure.gravatar.com\/avatar\/9c58356ed41dabce206eb994d26b437b?s=96&d=mm&r=g","contentUrl":"https:\/\/secure.gravatar.com\/avatar\/9c58356ed41dabce206eb994d26b437b?s=96&d=mm&r=g","caption":"admin_cg"},"sameAs":["http:\/\/grupafarkas.pl"],"url":"https:\/\/czechybiznes.expert\/informacje\/author\/admin_cg\/"}]}},"_links":{"self":[{"href":"https:\/\/czechybiznes.expert\/informacje\/wp-json\/wp\/v2\/posts\/690"}],"collection":[{"href":"https:\/\/czechybiznes.expert\/informacje\/wp-json\/wp\/v2\/posts"}],"about":[{"href":"https:\/\/czechybiznes.expert\/informacje\/wp-json\/wp\/v2\/types\/post"}],"author":[{"embeddable":true,"href":"https:\/\/czechybiznes.expert\/informacje\/wp-json\/wp\/v2\/users\/1"}],"replies":[{"embeddable":true,"href":"https:\/\/czechybiznes.expert\/informacje\/wp-json\/wp\/v2\/comments?post=690"}],"version-history":[{"count":1,"href":"https:\/\/czechybiznes.expert\/informacje\/wp-json\/wp\/v2\/posts\/690\/revisions"}],"predecessor-version":[{"id":744,"href":"https:\/\/czechybiznes.expert\/informacje\/wp-json\/wp\/v2\/posts\/690\/revisions\/744"}],"wp:featuredmedia":[{"embeddable":true,"href":"https:\/\/czechybiznes.expert\/informacje\/wp-json\/wp\/v2\/media\/745"}],"wp:attachment":[{"href":"https:\/\/czechybiznes.expert\/informacje\/wp-json\/wp\/v2\/media?parent=690"}],"wp:term":[{"taxonomy":"category","embeddable":true,"href":"https:\/\/czechybiznes.expert\/informacje\/wp-json\/wp\/v2\/categories?post=690"},{"taxonomy":"post_tag","embeddable":true,"href":"https:\/\/czechybiznes.expert\/informacje\/wp-json\/wp\/v2\/tags?post=690"}],"curies":[{"name":"wp","href":"https:\/\/api.w.org\/{rel}","templated":true}]}}