{"id":1928,"date":"2026-04-24T15:18:26","date_gmt":"2026-04-24T13:18:26","guid":{"rendered":"https:\/\/czechybiznes.expert\/informacje\/?p=1928"},"modified":"2026-04-24T15:18:26","modified_gmt":"2026-04-24T13:18:26","slug":"samochod-w-firmie-odliczenie-vat-i-koszty-eksploatacji-w-2026","status":"publish","type":"post","link":"https:\/\/czechybiznes.expert\/informacje\/samochod-w-firmie-odliczenie-vat-i-koszty-eksploatacji-w-2026\/","title":{"rendered":"Samoch\u00f3d w firmie \u2013 odliczenie VAT i koszty eksploatacji w 2026"},"content":{"rendered":"<p><span style=\"font-weight: 400\">Samoch\u00f3d w czeskiej firmie bez w\u0105tpienia jest jednym z najprostszych sposob\u00f3w na optymalizacj\u0119 podatk\u00f3w. Od wielu lat obowi\u0105zuje tutaj zasada wprowadzenia auta do dzia\u0142alno\u015bci i skorzystania z mo\u017cliwo\u015bci odliczenia koszt\u00f3w czy VAT-u po spe\u0142nieniu warunk\u00f3w. W 2026 r. nale\u017cy zwr\u00f3ci\u0107 uwag\u0119 na obowi\u0105zuj\u0105cy limit, spos\u00f3b wykorzystania pojazdu i odpowiedni\u0105 dokumentacj\u0119, kt\u00f3ra zwi\u0119kszy ryzyko zaakceptowania odlicze\u0144 przez czeski organ podatkowy.\u00a0\u00a0<\/span><\/p>\n<p><img loading=\"lazy\" decoding=\"async\" class=\"alignnone wp-image-1929 size-large\" src=\"https:\/\/czechybiznes.expert\/wp-content\/uploads\/sites\/8\/2026\/04\/Samochod-w-firmie-\u2013-odliczenie-VAT-i-koszty-eksploatacji-w-2026-1024x576.jpg\" alt=\"\" width=\"1024\" height=\"576\" srcset=\"https:\/\/czechybiznes.expert\/wp-content\/uploads\/sites\/8\/2026\/04\/Samochod-w-firmie-\u2013-odliczenie-VAT-i-koszty-eksploatacji-w-2026-1024x576.jpg 1024w, https:\/\/czechybiznes.expert\/wp-content\/uploads\/sites\/8\/2026\/04\/Samochod-w-firmie-\u2013-odliczenie-VAT-i-koszty-eksploatacji-w-2026-300x169.jpg 300w, https:\/\/czechybiznes.expert\/wp-content\/uploads\/sites\/8\/2026\/04\/Samochod-w-firmie-\u2013-odliczenie-VAT-i-koszty-eksploatacji-w-2026-768x432.jpg 768w, https:\/\/czechybiznes.expert\/wp-content\/uploads\/sites\/8\/2026\/04\/Samochod-w-firmie-\u2013-odliczenie-VAT-i-koszty-eksploatacji-w-2026-1536x864.jpg 1536w, https:\/\/czechybiznes.expert\/wp-content\/uploads\/sites\/8\/2026\/04\/Samochod-w-firmie-\u2013-odliczenie-VAT-i-koszty-eksploatacji-w-2026-2048x1152.jpg 2048w\" sizes=\"(max-width: 1024px) 100vw, 1024px\" \/><\/p>\n<h2><span style=\"font-weight: 400\">Odliczenie VAT w Czechach od samochodu firmowego \u2013 decyduje spos\u00f3b wykorzystania pojazdu<\/span><\/h2>\n<p><span style=\"font-weight: 400\">W czeskim systemie nie ma miejsca na proste schematy, kt\u00f3re z g\u00f3ry okre\u015blaj\u0105 wysoko\u015b\u0107 odliczenia podatku VAT. Wszystko opiera si\u0119 na rzeczywistym wykorzystaniu samochodu w dzia\u0142alno\u015bci. <\/span><b>Je\u015bli pojazd s\u0142u\u017cy wy\u0142\u0105cznie celom firmowym, mo\u017cliwe jest pe\u0142ne odliczenie VAT-u<\/b><span style=\"font-weight: 400\">. Sytuacja zmienia si\u0119, gdy zaczynasz korzysta\u0107 z auta do u\u017cytku prywatnego, chocia\u017cby w cz\u0119\u015bci. Nie eliminuje to odliczenia ca\u0142kowicie, ale na pewno b\u0119dzie ono ograniczone.\u00a0<\/span><\/p>\n<p><span style=\"font-weight: 400\">Nie ma przy tym narzuconego poziomu. To <\/span><b>przedsi\u0119biorca samodzielnie musi okre\u015bli\u0107 proporcj\u0119. Organ podatkowy z kolei dokonuje oceny, czy jest ona uzasadniona. <\/b><span style=\"font-weight: 400\">Stanowi to najwi\u0119ksze zdziwienie, je\u015bli por\u00f3wnamy sytuacj\u0119 z polskim systemem, w kt\u00f3rym obowi\u0105zuj\u0105 inne warunki.<\/span><\/p>\n<p><span style=\"font-weight: 400\">Zasad VAT nie zmienia forma finansowania pojazdu. <\/span><b>Niezale\u017cnie od tego, czy kupujesz auto za got\u00f3wk\u0119, bierzesz w leasing czy wynajmujesz, na spos\u00f3b odliczenia wp\u0142ywa wy\u0142\u0105cznie u\u017cytkowanie samochodu<\/b><span style=\"font-weight: 400\">. R\u00f3\u017cnice zauwa\u017camy jedynie pod wzgl\u0119dem roz\u0142o\u017cenia koszt\u00f3w w czasie, a nie samego opodatkowania.<\/span><\/p>\n<h2><span style=\"font-weight: 400\">Limit VAT \u2013 ograniczenie przy dro\u017cszych autach<\/span><\/h2>\n<p><span style=\"font-weight: 400\">Od 2024 roku w Czechach obowi\u0105zuje ograniczenie kwotowe, kt\u00f3re wp\u0142ywa na decyzje zakupowe przedsi\u0119biorc\u00f3w. <\/span><b>Maksymalne odliczenie VAT od samochodu osobowego wynosi 420 000 CZK. <\/b><span style=\"font-weight: 400\">Przy dro\u017cszych autach nie mo\u017cna odliczy\u0107 ca\u0142ego podatku. Nadwy\u017cka pozostaje poza rozliczeniem. Ograniczenie nie dotyczy ka\u017cdego przypadku, ale przy zakupie auta z wy\u017cszej p\u00f3\u0142ki zyskuje na znaczeniu.<\/span><\/p>\n<h2><span style=\"font-weight: 400\">Dokumentacja niezb\u0119dna do rozliczenia VAT od auta firmowego<\/span><\/h2>\n<p><span style=\"font-weight: 400\">Czeski system daje spor\u0105 swobod\u0119 w rozliczeniach podatkowych, ale w zamian oczekuje jednego: <\/span><b>sp\u00f3jno\u015bci i dowod\u00f3w.<\/b><\/p>\n<p><span style=\"font-weight: 400\">Je\u017celi deklarujesz pe\u0142ne odliczenie VAT, powiniene\u015b by\u0107 w stanie udowodni\u0107, \u017ce <\/span><b>samoch\u00f3d faktycznie s\u0142u\u017cy dzia\u0142alno\u015bci. Konieczne jest wi\u0119c prowadzenie ewidencji u\u017cytkowania, cho\u0107by w formie zapis\u00f3w przebiegu, zestawienia tras, podzia\u0142u kilometr\u00f3w czy sta\u0142ych zasad u\u017cytkowania. <\/b><span style=\"font-weight: 400\">Nie masz takiej dokumentacji? Nie musisz obawia\u0107 si\u0119 kary, jednak dotyczy Ci\u0119 ryzyko, \u017ce organ podatkowy zakwestionuje rozliczenie. Wtedy decyzja podatkowa wr\u00f3ci do punktu wyj\u015bcia. Mo\u017cliwy jest te\u017c scenariusz, \u017ce Twoje odliczenie nie zostanie uznane w pe\u0142ni, a organ \u201ezgodzi si\u0119\u201d na odliczenie VAT-u jedynie od cz\u0119\u015bci, je\u015bli uzna, \u017ce wykazane proporcje mi\u0119dzy u\u017cytkowaniem biznesowym a prywatnym nie maj\u0105 odzwierciedlenia w rzeczywisto\u015bci.\u00a0<\/span><\/p>\n<h2><span style=\"font-weight: 400\">Koszty eksploatacji pojazdu w Czechach\u00a0<\/span><\/h2>\n<p><span style=\"font-weight: 400\">Samoch\u00f3d w firmie wi\u0105\u017ce si\u0119 nie tylko z samym zakupem i zwi\u0105zanym z nim kosztem, ale r\u00f3wnie\u017c z bie\u017c\u0105cymi wydatkami. R\u00f3wnie\u017c w tym przypadku czeski system podatkowy podchodzi do tematu dosy\u0107 elastycznie.<\/span><\/p>\n<p><b>Do koszt\u00f3w eksploatacyjnych mo\u017cesz zaliczy\u0107 mi\u0119dzy innymi:<\/b><\/p>\n<ul>\n<li style=\"font-weight: 400\"><b>paliwo,<\/b><\/li>\n<li style=\"font-weight: 400\"><b>serwis i naprawy,<\/b><\/li>\n<li style=\"font-weight: 400\"><b>ubezpieczenie,<\/b><\/li>\n<li style=\"font-weight: 400\"><b>leasing lub amortyzacj\u0119.<\/b><\/li>\n<\/ul>\n<p><span style=\"font-weight: 400\">Zasada pozostaje jednak ta sama, co przy odliczeniu VAT: <\/span><b>koszty musz\u0105 mie\u0107 zwi\u0105zek z dzia\u0142alno\u015bci\u0105<\/b><span style=\"font-weight: 400\">. Je\u017celi auto jest u\u017cywane cz\u0119\u015bciowo prywatnie, powy\u017cej wspomniane ograniczenie dotyczy r\u00f3wnie\u017c koszt\u00f3w eksploatacyjnych.<\/span><\/p>\n<h2><span style=\"font-weight: 400\">Sprzedajesz firmowy samoch\u00f3d? Musisz zap\u0142aci\u0107 VAT od transakcji\u00a0<\/span><\/h2>\n<p><span style=\"font-weight: 400\">Temat podatku VAT wraca w kontek\u015bcie ch\u0119ci sprzeda\u017cy firmowego auta. Tego typu transakcja w Czechach zawsze jest opodatkowana podatkiem VAT, je\u015bli przy nabyciu przys\u0142ugiwa\u0142o prawo do odliczenia. VAT nalicza si\u0119 od ca\u0142ej ceny sprzeda\u017cy pojazdu. Nie liczy si\u0119 to, w jakim zakresie auto by\u0142o u\u017cytkowane do tej pory.<\/span><\/p>\n<p><span style=\"font-weight: 400\">\u2014\u2014\u00a0<\/span><\/p>\n<p><span style=\"font-weight: 400\">Samoch\u00f3d w czeskiej firmie nadal mo\u017ce by\u0107 korzystnym rozwi\u0105zaniem podatkowym. R\u00f3\u017cnica polega na tym, \u017ce dzi\u015b nie wystarczy go po prostu wprowadzi\u0107 do dzia\u0142alno\u015bci. Najwa\u017cniejsze staje si\u0119 to, jak jest u\u017cywany i czy potrafisz to odpowiednio uzasadni\u0107. W 2026 roku to nie sam samoch\u00f3d decyduje o podatku, tylko spos\u00f3b jego wykorzystywania i dokumentacji, kt\u00f3ra to potwierdza.<\/span><\/p>\n","protected":false},"excerpt":{"rendered":"<p>Samoch\u00f3d w czeskiej firmie bez w\u0105tpienia jest jednym z najprostszych sposob\u00f3w na optymalizacj\u0119 podatk\u00f3w. Od wielu lat obowi\u0105zuje tutaj zasada wprowadzenia auta do dzia\u0142alno\u015bci i skorzystania z mo\u017cliwo\u015bci odliczenia koszt\u00f3w czy VAT-u&#8230;<\/p>\n","protected":false},"author":18,"featured_media":1929,"comment_status":"closed","ping_status":"closed","sticky":false,"template":"","format":"standard","meta":{"footnotes":""},"categories":[350],"tags":[7,46],"acf":[],"yoast_head":"<!-- This site is optimized with the Yoast SEO Premium plugin v22.7 (Yoast SEO v22.7) - https:\/\/yoast.com\/wordpress\/plugins\/seo\/ -->\n<title>Samoch\u00f3d w firmie \u2013 odliczenie VAT i koszty eksploatacji w 2026 - Czechy Biznes Expert<\/title>\n<meta name=\"description\" content=\"Samoch\u00f3d w firmie w Czechach w 2026 \u2013 sprawd\u017a zasady odliczenia VAT i wymagan\u0105 dokumentacj\u0119, by bezpiecznie rozliczy\u0107 auto.\" \/>\n<meta name=\"robots\" content=\"index, follow, max-snippet:-1, max-image-preview:large, max-video-preview:-1\" \/>\n<link rel=\"canonical\" href=\"https:\/\/czechybiznes.expert\/informacje\/samochod-w-firmie-odliczenie-vat-i-koszty-eksploatacji-w-2026\/\" \/>\n<meta property=\"og:locale\" content=\"pl_PL\" \/>\n<meta property=\"og:type\" content=\"article\" \/>\n<meta property=\"og:title\" content=\"Samoch\u00f3d w firmie \u2013 odliczenie VAT i koszty eksploatacji w 2026\" \/>\n<meta property=\"og:description\" content=\"Samoch\u00f3d w firmie w Czechach w 2026 \u2013 sprawd\u017a zasady odliczenia VAT i wymagan\u0105 dokumentacj\u0119, by bezpiecznie rozliczy\u0107 auto.\" \/>\n<meta property=\"og:url\" content=\"https:\/\/czechybiznes.expert\/informacje\/samochod-w-firmie-odliczenie-vat-i-koszty-eksploatacji-w-2026\/\" \/>\n<meta property=\"og:site_name\" content=\"Czechy Biznes Expert\" \/>\n<meta property=\"article:published_time\" content=\"2026-04-24T13:18:26+00:00\" \/>\n<meta property=\"og:image\" content=\"https:\/\/czechybiznes.expert\/wp-content\/uploads\/sites\/8\/2026\/04\/Samochod-w-firmie-\u2013-odliczenie-VAT-i-koszty-eksploatacji-w-2026.jpg\" \/>\n\t<meta property=\"og:image:width\" content=\"2240\" \/>\n\t<meta property=\"og:image:height\" content=\"1260\" \/>\n\t<meta property=\"og:image:type\" content=\"image\/jpeg\" \/>\n<meta name=\"author\" content=\"npierog\" \/>\n<meta name=\"twitter:card\" content=\"summary_large_image\" \/>\n<meta name=\"twitter:label1\" content=\"Napisane przez\" \/>\n\t<meta name=\"twitter:data1\" content=\"npierog\" \/>\n\t<meta name=\"twitter:label2\" content=\"Szacowany czas czytania\" \/>\n\t<meta name=\"twitter:data2\" content=\"4 minuty\" \/>\n<script type=\"application\/ld+json\" class=\"yoast-schema-graph\">{\"@context\":\"https:\/\/schema.org\",\"@graph\":[{\"@type\":\"WebPage\",\"@id\":\"https:\/\/czechybiznes.expert\/informacje\/samochod-w-firmie-odliczenie-vat-i-koszty-eksploatacji-w-2026\/\",\"url\":\"https:\/\/czechybiznes.expert\/informacje\/samochod-w-firmie-odliczenie-vat-i-koszty-eksploatacji-w-2026\/\",\"name\":\"Samoch\u00f3d w firmie \u2013 odliczenie VAT i koszty eksploatacji w 2026 - Czechy Biznes Expert\",\"isPartOf\":{\"@id\":\"https:\/\/czechybiznes.expert\/informacje\/#website\"},\"primaryImageOfPage\":{\"@id\":\"https:\/\/czechybiznes.expert\/informacje\/samochod-w-firmie-odliczenie-vat-i-koszty-eksploatacji-w-2026\/#primaryimage\"},\"image\":{\"@id\":\"https:\/\/czechybiznes.expert\/informacje\/samochod-w-firmie-odliczenie-vat-i-koszty-eksploatacji-w-2026\/#primaryimage\"},\"thumbnailUrl\":\"https:\/\/czechybiznes.expert\/wp-content\/uploads\/sites\/8\/2026\/04\/Samochod-w-firmie-\u2013-odliczenie-VAT-i-koszty-eksploatacji-w-2026.jpg\",\"datePublished\":\"2026-04-24T13:18:26+00:00\",\"dateModified\":\"2026-04-24T13:18:26+00:00\",\"author\":{\"@id\":\"https:\/\/czechybiznes.expert\/informacje\/#\/schema\/person\/46c0b2b451519436c80612dca29d13af\"},\"description\":\"Samoch\u00f3d w firmie w Czechach w 2026 \u2013 sprawd\u017a zasady odliczenia VAT i wymagan\u0105 dokumentacj\u0119, by bezpiecznie rozliczy\u0107 auto.\",\"breadcrumb\":{\"@id\":\"https:\/\/czechybiznes.expert\/informacje\/samochod-w-firmie-odliczenie-vat-i-koszty-eksploatacji-w-2026\/#breadcrumb\"},\"inLanguage\":\"pl-PL\",\"potentialAction\":[{\"@type\":\"ReadAction\",\"target\":[\"https:\/\/czechybiznes.expert\/informacje\/samochod-w-firmie-odliczenie-vat-i-koszty-eksploatacji-w-2026\/\"]}]},{\"@type\":\"ImageObject\",\"inLanguage\":\"pl-PL\",\"@id\":\"https:\/\/czechybiznes.expert\/informacje\/samochod-w-firmie-odliczenie-vat-i-koszty-eksploatacji-w-2026\/#primaryimage\",\"url\":\"https:\/\/czechybiznes.expert\/wp-content\/uploads\/sites\/8\/2026\/04\/Samochod-w-firmie-\u2013-odliczenie-VAT-i-koszty-eksploatacji-w-2026.jpg\",\"contentUrl\":\"https:\/\/czechybiznes.expert\/wp-content\/uploads\/sites\/8\/2026\/04\/Samochod-w-firmie-\u2013-odliczenie-VAT-i-koszty-eksploatacji-w-2026.jpg\",\"width\":2240,\"height\":1260},{\"@type\":\"BreadcrumbList\",\"@id\":\"https:\/\/czechybiznes.expert\/informacje\/samochod-w-firmie-odliczenie-vat-i-koszty-eksploatacji-w-2026\/#breadcrumb\",\"itemListElement\":[{\"@type\":\"ListItem\",\"position\":1,\"name\":\"Strona g\u0142\u00f3wna\",\"item\":\"https:\/\/czechybiznes.expert\/informacje\/\"},{\"@type\":\"ListItem\",\"position\":2,\"name\":\"Samoch\u00f3d w firmie \u2013 odliczenie VAT i koszty eksploatacji w 2026\"}]},{\"@type\":\"WebSite\",\"@id\":\"https:\/\/czechybiznes.expert\/informacje\/#website\",\"url\":\"https:\/\/czechybiznes.expert\/informacje\/\",\"name\":\"Czechy Biznes Expert\",\"description\":\"\",\"potentialAction\":[{\"@type\":\"SearchAction\",\"target\":{\"@type\":\"EntryPoint\",\"urlTemplate\":\"https:\/\/czechybiznes.expert\/informacje\/?s={search_term_string}\"},\"query-input\":\"required name=search_term_string\"}],\"inLanguage\":\"pl-PL\"},{\"@type\":\"Person\",\"@id\":\"https:\/\/czechybiznes.expert\/informacje\/#\/schema\/person\/46c0b2b451519436c80612dca29d13af\",\"name\":\"npierog\",\"image\":{\"@type\":\"ImageObject\",\"inLanguage\":\"pl-PL\",\"@id\":\"https:\/\/czechybiznes.expert\/informacje\/#\/schema\/person\/image\/\",\"url\":\"https:\/\/secure.gravatar.com\/avatar\/f58b5ea693f5afd04ab77c7284b0f81e?s=96&d=mm&r=g\",\"contentUrl\":\"https:\/\/secure.gravatar.com\/avatar\/f58b5ea693f5afd04ab77c7284b0f81e?s=96&d=mm&r=g\",\"caption\":\"npierog\"},\"url\":\"https:\/\/czechybiznes.expert\/informacje\/author\/npierog\/\"}]}<\/script>\n<!-- \/ Yoast SEO Premium plugin. -->","yoast_head_json":{"title":"Samoch\u00f3d w firmie \u2013 odliczenie VAT i koszty eksploatacji w 2026 - Czechy Biznes Expert","description":"Samoch\u00f3d w firmie w Czechach w 2026 \u2013 sprawd\u017a zasady odliczenia VAT i wymagan\u0105 dokumentacj\u0119, by bezpiecznie rozliczy\u0107 auto.","robots":{"index":"index","follow":"follow","max-snippet":"max-snippet:-1","max-image-preview":"max-image-preview:large","max-video-preview":"max-video-preview:-1"},"canonical":"https:\/\/czechybiznes.expert\/informacje\/samochod-w-firmie-odliczenie-vat-i-koszty-eksploatacji-w-2026\/","og_locale":"pl_PL","og_type":"article","og_title":"Samoch\u00f3d w firmie \u2013 odliczenie VAT i koszty eksploatacji w 2026","og_description":"Samoch\u00f3d w firmie w Czechach w 2026 \u2013 sprawd\u017a zasady odliczenia VAT i wymagan\u0105 dokumentacj\u0119, by bezpiecznie rozliczy\u0107 auto.","og_url":"https:\/\/czechybiznes.expert\/informacje\/samochod-w-firmie-odliczenie-vat-i-koszty-eksploatacji-w-2026\/","og_site_name":"Czechy Biznes Expert","article_published_time":"2026-04-24T13:18:26+00:00","og_image":[{"width":2240,"height":1260,"url":"https:\/\/czechybiznes.expert\/wp-content\/uploads\/sites\/8\/2026\/04\/Samochod-w-firmie-\u2013-odliczenie-VAT-i-koszty-eksploatacji-w-2026.jpg","type":"image\/jpeg"}],"author":"npierog","twitter_card":"summary_large_image","twitter_misc":{"Napisane przez":"npierog","Szacowany czas czytania":"4 minuty"},"schema":{"@context":"https:\/\/schema.org","@graph":[{"@type":"WebPage","@id":"https:\/\/czechybiznes.expert\/informacje\/samochod-w-firmie-odliczenie-vat-i-koszty-eksploatacji-w-2026\/","url":"https:\/\/czechybiznes.expert\/informacje\/samochod-w-firmie-odliczenie-vat-i-koszty-eksploatacji-w-2026\/","name":"Samoch\u00f3d w firmie \u2013 odliczenie VAT i koszty eksploatacji w 2026 - Czechy Biznes Expert","isPartOf":{"@id":"https:\/\/czechybiznes.expert\/informacje\/#website"},"primaryImageOfPage":{"@id":"https:\/\/czechybiznes.expert\/informacje\/samochod-w-firmie-odliczenie-vat-i-koszty-eksploatacji-w-2026\/#primaryimage"},"image":{"@id":"https:\/\/czechybiznes.expert\/informacje\/samochod-w-firmie-odliczenie-vat-i-koszty-eksploatacji-w-2026\/#primaryimage"},"thumbnailUrl":"https:\/\/czechybiznes.expert\/wp-content\/uploads\/sites\/8\/2026\/04\/Samochod-w-firmie-\u2013-odliczenie-VAT-i-koszty-eksploatacji-w-2026.jpg","datePublished":"2026-04-24T13:18:26+00:00","dateModified":"2026-04-24T13:18:26+00:00","author":{"@id":"https:\/\/czechybiznes.expert\/informacje\/#\/schema\/person\/46c0b2b451519436c80612dca29d13af"},"description":"Samoch\u00f3d w firmie w Czechach w 2026 \u2013 sprawd\u017a zasady odliczenia VAT i wymagan\u0105 dokumentacj\u0119, by bezpiecznie rozliczy\u0107 auto.","breadcrumb":{"@id":"https:\/\/czechybiznes.expert\/informacje\/samochod-w-firmie-odliczenie-vat-i-koszty-eksploatacji-w-2026\/#breadcrumb"},"inLanguage":"pl-PL","potentialAction":[{"@type":"ReadAction","target":["https:\/\/czechybiznes.expert\/informacje\/samochod-w-firmie-odliczenie-vat-i-koszty-eksploatacji-w-2026\/"]}]},{"@type":"ImageObject","inLanguage":"pl-PL","@id":"https:\/\/czechybiznes.expert\/informacje\/samochod-w-firmie-odliczenie-vat-i-koszty-eksploatacji-w-2026\/#primaryimage","url":"https:\/\/czechybiznes.expert\/wp-content\/uploads\/sites\/8\/2026\/04\/Samochod-w-firmie-\u2013-odliczenie-VAT-i-koszty-eksploatacji-w-2026.jpg","contentUrl":"https:\/\/czechybiznes.expert\/wp-content\/uploads\/sites\/8\/2026\/04\/Samochod-w-firmie-\u2013-odliczenie-VAT-i-koszty-eksploatacji-w-2026.jpg","width":2240,"height":1260},{"@type":"BreadcrumbList","@id":"https:\/\/czechybiznes.expert\/informacje\/samochod-w-firmie-odliczenie-vat-i-koszty-eksploatacji-w-2026\/#breadcrumb","itemListElement":[{"@type":"ListItem","position":1,"name":"Strona g\u0142\u00f3wna","item":"https:\/\/czechybiznes.expert\/informacje\/"},{"@type":"ListItem","position":2,"name":"Samoch\u00f3d w firmie \u2013 odliczenie VAT i koszty eksploatacji w 2026"}]},{"@type":"WebSite","@id":"https:\/\/czechybiznes.expert\/informacje\/#website","url":"https:\/\/czechybiznes.expert\/informacje\/","name":"Czechy Biznes Expert","description":"","potentialAction":[{"@type":"SearchAction","target":{"@type":"EntryPoint","urlTemplate":"https:\/\/czechybiznes.expert\/informacje\/?s={search_term_string}"},"query-input":"required name=search_term_string"}],"inLanguage":"pl-PL"},{"@type":"Person","@id":"https:\/\/czechybiznes.expert\/informacje\/#\/schema\/person\/46c0b2b451519436c80612dca29d13af","name":"npierog","image":{"@type":"ImageObject","inLanguage":"pl-PL","@id":"https:\/\/czechybiznes.expert\/informacje\/#\/schema\/person\/image\/","url":"https:\/\/secure.gravatar.com\/avatar\/f58b5ea693f5afd04ab77c7284b0f81e?s=96&d=mm&r=g","contentUrl":"https:\/\/secure.gravatar.com\/avatar\/f58b5ea693f5afd04ab77c7284b0f81e?s=96&d=mm&r=g","caption":"npierog"},"url":"https:\/\/czechybiznes.expert\/informacje\/author\/npierog\/"}]}},"_links":{"self":[{"href":"https:\/\/czechybiznes.expert\/informacje\/wp-json\/wp\/v2\/posts\/1928"}],"collection":[{"href":"https:\/\/czechybiznes.expert\/informacje\/wp-json\/wp\/v2\/posts"}],"about":[{"href":"https:\/\/czechybiznes.expert\/informacje\/wp-json\/wp\/v2\/types\/post"}],"author":[{"embeddable":true,"href":"https:\/\/czechybiznes.expert\/informacje\/wp-json\/wp\/v2\/users\/18"}],"replies":[{"embeddable":true,"href":"https:\/\/czechybiznes.expert\/informacje\/wp-json\/wp\/v2\/comments?post=1928"}],"version-history":[{"count":2,"href":"https:\/\/czechybiznes.expert\/informacje\/wp-json\/wp\/v2\/posts\/1928\/revisions"}],"predecessor-version":[{"id":1931,"href":"https:\/\/czechybiznes.expert\/informacje\/wp-json\/wp\/v2\/posts\/1928\/revisions\/1931"}],"wp:featuredmedia":[{"embeddable":true,"href":"https:\/\/czechybiznes.expert\/informacje\/wp-json\/wp\/v2\/media\/1929"}],"wp:attachment":[{"href":"https:\/\/czechybiznes.expert\/informacje\/wp-json\/wp\/v2\/media?parent=1928"}],"wp:term":[{"taxonomy":"category","embeddable":true,"href":"https:\/\/czechybiznes.expert\/informacje\/wp-json\/wp\/v2\/categories?post=1928"},{"taxonomy":"post_tag","embeddable":true,"href":"https:\/\/czechybiznes.expert\/informacje\/wp-json\/wp\/v2\/tags?post=1928"}],"curies":[{"name":"wp","href":"https:\/\/api.w.org\/{rel}","templated":true}]}}